{"id":3019,"date":"2018-02-09T12:29:28","date_gmt":"2018-02-09T10:29:28","guid":{"rendered":"http:\/\/amacg.lyceegutenberg.net\/?p=3019"},"modified":"2018-02-09T12:29:28","modified_gmt":"2018-02-09T10:29:28","slug":"faire-signe-sens","status":"publish","type":"post","link":"http:\/\/amacg.lyceegutenberg.net\/?p=3019","title":{"rendered":"faire signe &#038; sens !"},"content":{"rendered":"<p><a href=\"http:\/\/amacg.lyceegutenberg.net\/wp-content\/uploads\/Capture-d\u2019e\u0301cran-2018-02-09-a\u0300-11.21.27.png\"><img decoding=\"async\" loading=\"lazy\" class=\"alignnone wp-image-3020\" src=\"http:\/\/amacg.lyceegutenberg.net\/wp-content\/uploads\/Capture-d\u2019e\u0301cran-2018-02-09-a\u0300-11.21.27.png\" alt=\"Capture d\u2019e\u0301cran 2018-02-09 a\u0300 11.21.27\" width=\"353\" height=\"500\" srcset=\"http:\/\/amacg.lyceegutenberg.net\/wp-content\/uploads\/Capture-d\u2019e\u0301cran-2018-02-09-a\u0300-11.21.27.png 493w, http:\/\/amacg.lyceegutenberg.net\/wp-content\/uploads\/Capture-d\u2019e\u0301cran-2018-02-09-a\u0300-11.21.27-211x300.png 211w\" sizes=\"(max-width: 353px) 100vw, 353px\" \/><\/a><\/p>\n<p><a href=\"http:\/\/www.ralphschraivogel.com\/\" target=\"_blank\"><strong>Ralph Schraivogel <\/strong><\/a>a \u00e9t\u00e9 mandat\u00e9 par le signe, centre national de graphisme,<br \/>\npour concevoir l&rsquo;affiche de son exposition \u00e9ponyme tenue \u00e0 Chaumont<br \/>\ndu 10 novembre 2017 au 4 f\u00e9vrier 2018<\/p>\n<p>son format : 1200 x 1760 mm<br \/>\nimprim\u00e9 en s\u00e9rigraphie par <a href=\"http:\/\/www.lezard.fr\/\" target=\"_blank\">L\u00e9zard Graphique<\/a>, Brumath, France<\/p>\n<p>venir en salle DA1 la d\u00e9couvrir<br \/>\n&amp; en voir d&rsquo;autres par ici : <a href=\"https:\/\/www.typographicposters.com\/ralph-schraivogel-exhibition-at-le-signe-centre-national-du-graphisme\" target=\"_blank\">www.typographicposters.com<\/a><\/p>\n","protected":false},"excerpt":{"rendered":"<p>Ralph Schraivogel a \u00e9t\u00e9 mandat\u00e9 par le signe, centre national de graphisme, pour concevoir l&rsquo;affiche de son exposition \u00e9ponyme tenue \u00e0 Chaumont du 10 novembre 2017 au 4 f\u00e9vrier 2018 son format : 1200 x 1760 mm imprim\u00e9 en s\u00e9rigraphie &hellip; <a href=\"http:\/\/amacg.lyceegutenberg.net\/?p=3019\">Continuer la lecture <span class=\"meta-nav\">&rarr;<\/span><\/a><\/p>\n","protected":false},"author":2,"featured_media":0,"comment_status":"closed","ping_status":"closed","sticky":false,"template":"","format":"standard","meta":{"footnotes":""},"categories":[11],"tags":[],"_links":{"self":[{"href":"http:\/\/amacg.lyceegutenberg.net\/index.php?rest_route=\/wp\/v2\/posts\/3019"}],"collection":[{"href":"http:\/\/amacg.lyceegutenberg.net\/index.php?rest_route=\/wp\/v2\/posts"}],"about":[{"href":"http:\/\/amacg.lyceegutenberg.net\/index.php?rest_route=\/wp\/v2\/types\/post"}],"author":[{"embeddable":true,"href":"http:\/\/amacg.lyceegutenberg.net\/index.php?rest_route=\/wp\/v2\/users\/2"}],"replies":[{"embeddable":true,"href":"http:\/\/amacg.lyceegutenberg.net\/index.php?rest_route=%2Fwp%2Fv2%2Fcomments&post=3019"}],"version-history":[{"count":1,"href":"http:\/\/amacg.lyceegutenberg.net\/index.php?rest_route=\/wp\/v2\/posts\/3019\/revisions"}],"predecessor-version":[{"id":3021,"href":"http:\/\/amacg.lyceegutenberg.net\/index.php?rest_route=\/wp\/v2\/posts\/3019\/revisions\/3021"}],"wp:attachment":[{"href":"http:\/\/amacg.lyceegutenberg.net\/index.php?rest_route=%2Fwp%2Fv2%2Fmedia&parent=3019"}],"wp:term":[{"taxonomy":"category","embeddable":true,"href":"http:\/\/amacg.lyceegutenberg.net\/index.php?rest_route=%2Fwp%2Fv2%2Fcategories&post=3019"},{"taxonomy":"post_tag","embeddable":true,"href":"http:\/\/amacg.lyceegutenberg.net\/index.php?rest_route=%2Fwp%2Fv2%2Ftags&post=3019"}],"curies":[{"name":"wp","href":"https:\/\/api.w.org\/{rel}","templated":true}]}}