{"id":3047,"date":"2018-02-15T08:01:40","date_gmt":"2018-02-15T06:01:40","guid":{"rendered":"http:\/\/amacg.lyceegutenberg.net\/?p=3047"},"modified":"2018-02-15T08:02:26","modified_gmt":"2018-02-15T06:02:26","slug":"historia-gutenberg","status":"publish","type":"post","link":"http:\/\/amacg.lyceegutenberg.net\/?p=3047","title":{"rendered":"Historia Gutenberg"},"content":{"rendered":"<p><a href=\"http:\/\/amacg.lyceegutenberg.net\/wp-content\/uploads\/27973538_1610575085690753_7755501397684704153_n.jpg\"><img decoding=\"async\" loading=\"lazy\" class=\"alignnone wp-image-3048\" src=\"http:\/\/amacg.lyceegutenberg.net\/wp-content\/uploads\/27973538_1610575085690753_7755501397684704153_n.jpg\" alt=\"27973538_1610575085690753_7755501397684704153_n\" width=\"500\" height=\"167\" srcset=\"http:\/\/amacg.lyceegutenberg.net\/wp-content\/uploads\/27973538_1610575085690753_7755501397684704153_n.jpg 960w, http:\/\/amacg.lyceegutenberg.net\/wp-content\/uploads\/27973538_1610575085690753_7755501397684704153_n-300x100.jpg 300w\" sizes=\"(max-width: 500px) 100vw, 500px\" \/><\/a><\/p>\n<p><strong>Tout un espace d\u00e9di\u00e9 \u00e0 Gutenberg<\/strong><\/p>\n<p>Vendredi 16, samedi 17 et dimanche 18 f\u00e9vrier<br \/>\nau Palais de la Musique et des Congr\u00e8s<br \/>\nPlace de Bordeaux \u00e0 Strasbourg<span class=\"text_exposed_show\"><br \/>\nStand A3 \u2013 All\u00e9e A <\/span><\/p>\n<div class=\"text_exposed_show\">\n<p>L\u2019<a href=\"http:\/\/espace-gutenberg.fr\/n2018\/\" target=\"_blank\">Espace Europ\u00e9en Gutenberg<\/a><br \/>\nvous propose une d\u00e9monstration d\u2019impression<br \/>\nsur la presse dite de Gutenberg<br \/>\nd\u2019une interpr\u00e9tation contemporaine<br \/>\nde la Bible de Gutenberg,<br \/>\ncomposition TYPOgraphique<br \/>\nde plomb &amp; de bois<\/p>\n<p>Tarifs &amp; informations pratiques :<br \/>\n<a href=\"https:\/\/l.facebook.com\/l.php?u=http%3A%2F%2Fwww.festivalhistoria.fr%2F&amp;h=ATNV3Q_troI3UTMf6P0vA-jm_jeqSzkqxyOlRrE9DjogNT893ElXShr2uyXtQuYDN2V1RcZykN9JOicYKrNyahVAyWZAjtcYMD393hvUov7lrcC9RrNHMqO2xWJL62eMspkjJx-IxegHZ7rm_wV98i6xGIe96FzIaFtVlr0KpPGTPWuH1KeLJ6UZnIaXP2fC7is8nazUs_e2P0SQXZ9Z7s_prfJ559MRQq-3DfdvpZ_ts-9YeIAGazEomxaSjO3Nu_7cB9wKFc0r5j0hmKNX\" target=\"_blank\" rel=\"nofollow\" data-ft=\"{&quot;tn&quot;:&quot;-U&quot;}\" data-lynx-mode=\"origin\">www.festivalhistoria.fr<\/a><\/p>\n<p><a class=\"_58cn\" href=\"https:\/\/www.facebook.com\/hashtag\/2018ann%C3%A9egutenberg?source=feed_text&amp;story_id=1610575712357357\" data-ft=\"{&quot;tn&quot;:&quot;*N&quot;,&quot;type&quot;:104}\"><span class=\"_5afx\"><span class=\"_58cl _5afz\">#<\/span><span class=\"_58cm\">2018ann\u00e9eGutenberg<\/span><\/span><\/a> <a class=\"_58cn\" href=\"https:\/\/www.facebook.com\/hashtag\/gutenberg2018?source=feed_text&amp;story_id=1610575712357357\" data-ft=\"{&quot;tn&quot;:&quot;*N&quot;,&quot;type&quot;:104}\"><span class=\"_5afx\"><span class=\"_58cl _5afz\">#<\/span><span class=\"_58cm\">Gutenberg2018<\/span><\/span><\/a> <a class=\"_58cn\" href=\"https:\/\/www.facebook.com\/hashtag\/strasbourg?source=feed_text&amp;story_id=1610575712357357\" data-ft=\"{&quot;tn&quot;:&quot;*N&quot;,&quot;type&quot;:104}\"><span class=\"_5afx\"><span class=\"_58cl _5afz\">#<\/span><span class=\"_58cm\">Strasbourg<\/span><\/span><\/a><\/p>\n<\/div>\n","protected":false},"excerpt":{"rendered":"<p>Tout un espace d\u00e9di\u00e9 \u00e0 Gutenberg Vendredi 16, samedi 17 et dimanche 18 f\u00e9vrier au Palais de la Musique et des Congr\u00e8s Place de Bordeaux \u00e0 Strasbourg Stand A3 \u2013 All\u00e9e A L\u2019Espace Europ\u00e9en Gutenberg vous propose une d\u00e9monstration d\u2019impression &hellip; <a href=\"http:\/\/amacg.lyceegutenberg.net\/?p=3047\">Continuer la lecture <span class=\"meta-nav\">&rarr;<\/span><\/a><\/p>\n","protected":false},"author":2,"featured_media":0,"comment_status":"closed","ping_status":"closed","sticky":false,"template":"","format":"standard","meta":{"footnotes":""},"categories":[10],"tags":[],"_links":{"self":[{"href":"http:\/\/amacg.lyceegutenberg.net\/index.php?rest_route=\/wp\/v2\/posts\/3047"}],"collection":[{"href":"http:\/\/amacg.lyceegutenberg.net\/index.php?rest_route=\/wp\/v2\/posts"}],"about":[{"href":"http:\/\/amacg.lyceegutenberg.net\/index.php?rest_route=\/wp\/v2\/types\/post"}],"author":[{"embeddable":true,"href":"http:\/\/amacg.lyceegutenberg.net\/index.php?rest_route=\/wp\/v2\/users\/2"}],"replies":[{"embeddable":true,"href":"http:\/\/amacg.lyceegutenberg.net\/index.php?rest_route=%2Fwp%2Fv2%2Fcomments&post=3047"}],"version-history":[{"count":2,"href":"http:\/\/amacg.lyceegutenberg.net\/index.php?rest_route=\/wp\/v2\/posts\/3047\/revisions"}],"predecessor-version":[{"id":3050,"href":"http:\/\/amacg.lyceegutenberg.net\/index.php?rest_route=\/wp\/v2\/posts\/3047\/revisions\/3050"}],"wp:attachment":[{"href":"http:\/\/amacg.lyceegutenberg.net\/index.php?rest_route=%2Fwp%2Fv2%2Fmedia&parent=3047"}],"wp:term":[{"taxonomy":"category","embeddable":true,"href":"http:\/\/amacg.lyceegutenberg.net\/index.php?rest_route=%2Fwp%2Fv2%2Fcategories&post=3047"},{"taxonomy":"post_tag","embeddable":true,"href":"http:\/\/amacg.lyceegutenberg.net\/index.php?rest_route=%2Fwp%2Fv2%2Ftags&post=3047"}],"curies":[{"name":"wp","href":"https:\/\/api.w.org\/{rel}","templated":true}]}}