{"id":3051,"date":"2018-02-12T08:04:50","date_gmt":"2018-02-12T06:04:50","guid":{"rendered":"http:\/\/amacg.lyceegutenberg.net\/?p=3051"},"modified":"2018-02-15T08:08:51","modified_gmt":"2018-02-15T06:08:51","slug":"jpo-gut2018","status":"publish","type":"post","link":"http:\/\/amacg.lyceegutenberg.net\/?p=3051","title":{"rendered":"JPO GUT2018"},"content":{"rendered":"<p><a href=\"http:\/\/amacg.lyceegutenberg.net\/wp-content\/uploads\/affiche-jpo2018-960x500.png\"><img decoding=\"async\" loading=\"lazy\" class=\"alignnone wp-image-3052\" src=\"http:\/\/amacg.lyceegutenberg.net\/wp-content\/uploads\/affiche-jpo2018-960x500.png\" alt=\"affiche-jpo2018-960x500\" width=\"500\" height=\"260\" srcset=\"http:\/\/amacg.lyceegutenberg.net\/wp-content\/uploads\/affiche-jpo2018-960x500.png 960w, http:\/\/amacg.lyceegutenberg.net\/wp-content\/uploads\/affiche-jpo2018-960x500-300x156.png 300w\" sizes=\"(max-width: 500px) 100vw, 500px\" \/><\/a><\/p>\n<p>anciens voire futurs \u00e9l\u00e8ves,<br \/>\nprofessionnels, partenaires,<br \/>\nconnaissances, amis et autres&#8230;<\/p>\n<p>b o n j o u r \u00e0 tous !<\/p>\n<div class=\"text_exposed_show\">\n<p>SOYEZ les bienvenus <strong>samedi 17 f\u00e9vrier de 9h \u00e0 16h<\/strong><br \/>\naux portes ouvertes du lyc\u00e9e Gutenberg<\/p>\n<p>VENEZ nombreux VISITER nos ateliers vivants<\/p>\n<p>merci de diffuser l&rsquo;information autour de vous !<\/p>\n<\/div>\n","protected":false},"excerpt":{"rendered":"<p>anciens voire futurs \u00e9l\u00e8ves, professionnels, partenaires, connaissances, amis et autres&#8230; b o n j o u r \u00e0 tous ! SOYEZ les bienvenus samedi 17 f\u00e9vrier de 9h \u00e0 16h aux portes ouvertes du lyc\u00e9e Gutenberg VENEZ nombreux VISITER nos &hellip; <a href=\"http:\/\/amacg.lyceegutenberg.net\/?p=3051\">Continuer la lecture <span class=\"meta-nav\">&rarr;<\/span><\/a><\/p>\n","protected":false},"author":2,"featured_media":0,"comment_status":"closed","ping_status":"closed","sticky":false,"template":"","format":"standard","meta":{"footnotes":""},"categories":[10],"tags":[],"_links":{"self":[{"href":"http:\/\/amacg.lyceegutenberg.net\/index.php?rest_route=\/wp\/v2\/posts\/3051"}],"collection":[{"href":"http:\/\/amacg.lyceegutenberg.net\/index.php?rest_route=\/wp\/v2\/posts"}],"about":[{"href":"http:\/\/amacg.lyceegutenberg.net\/index.php?rest_route=\/wp\/v2\/types\/post"}],"author":[{"embeddable":true,"href":"http:\/\/amacg.lyceegutenberg.net\/index.php?rest_route=\/wp\/v2\/users\/2"}],"replies":[{"embeddable":true,"href":"http:\/\/amacg.lyceegutenberg.net\/index.php?rest_route=%2Fwp%2Fv2%2Fcomments&post=3051"}],"version-history":[{"count":2,"href":"http:\/\/amacg.lyceegutenberg.net\/index.php?rest_route=\/wp\/v2\/posts\/3051\/revisions"}],"predecessor-version":[{"id":3055,"href":"http:\/\/amacg.lyceegutenberg.net\/index.php?rest_route=\/wp\/v2\/posts\/3051\/revisions\/3055"}],"wp:attachment":[{"href":"http:\/\/amacg.lyceegutenberg.net\/index.php?rest_route=%2Fwp%2Fv2%2Fmedia&parent=3051"}],"wp:term":[{"taxonomy":"category","embeddable":true,"href":"http:\/\/amacg.lyceegutenberg.net\/index.php?rest_route=%2Fwp%2Fv2%2Fcategories&post=3051"},{"taxonomy":"post_tag","embeddable":true,"href":"http:\/\/amacg.lyceegutenberg.net\/index.php?rest_route=%2Fwp%2Fv2%2Ftags&post=3051"}],"curies":[{"name":"wp","href":"https:\/\/api.w.org\/{rel}","templated":true}]}}