{"id":3085,"date":"2018-03-11T09:40:28","date_gmt":"2018-03-11T07:40:28","guid":{"rendered":"http:\/\/amacg.lyceegutenberg.net\/?p=3085"},"modified":"2018-03-23T10:46:12","modified_gmt":"2018-03-23T08:46:12","slug":"ailleurs-en-bac-pro-ama-cv","status":"publish","type":"post","link":"http:\/\/amacg.lyceegutenberg.net\/?p=3085","title":{"rendered":"ailleurs en BAC PRO AMA CV"},"content":{"rendered":"<p><a href=\"http:\/\/amacg.lyceegutenberg.net\/wp-content\/uploads\/Capture-d\u2019e\u0301cran-2018-03-17-a\u0300-08.39.50.png\"><img decoding=\"async\" loading=\"lazy\" class=\"alignnone wp-image-3086\" src=\"http:\/\/amacg.lyceegutenberg.net\/wp-content\/uploads\/Capture-d\u2019e\u0301cran-2018-03-17-a\u0300-08.39.50.png\" alt=\"Capture d\u2019e\u0301cran 2018-03-17 a\u0300 08.39.50\" width=\"500\" height=\"100\" srcset=\"http:\/\/amacg.lyceegutenberg.net\/wp-content\/uploads\/Capture-d\u2019e\u0301cran-2018-03-17-a\u0300-08.39.50.png 1466w, http:\/\/amacg.lyceegutenberg.net\/wp-content\/uploads\/Capture-d\u2019e\u0301cran-2018-03-17-a\u0300-08.39.50-300x59.png 300w, http:\/\/amacg.lyceegutenberg.net\/wp-content\/uploads\/Capture-d\u2019e\u0301cran-2018-03-17-a\u0300-08.39.50-1024x203.png 1024w\" sizes=\"(max-width: 500px) 100vw, 500px\" \/><\/a><\/p>\n<p>\u00e0 la d\u00e9couverte de ce qui se passe au <a href=\"http:\/\/www.lycee-corvisart-tolbiac.fr\/\">lyc\u00e9e Corvisart-Tolbiac<\/a> \u00e0 Paris<br \/>\nvia le <a href=\"http:\/\/m-daveiga.blogspot.fr\" target=\"_blank\"><strong>blog<\/strong><\/a> d&rsquo;un de leur prof Jean-Christophe Da Veiga<\/p>\n","protected":false},"excerpt":{"rendered":"<p>\u00e0 la d\u00e9couverte de ce qui se passe au lyc\u00e9e Corvisart-Tolbiac \u00e0 Paris via le blog d&rsquo;un de leur prof Jean-Christophe Da Veiga<\/p>\n","protected":false},"author":2,"featured_media":0,"comment_status":"closed","ping_status":"closed","sticky":false,"template":"","format":"standard","meta":{"footnotes":""},"categories":[9],"tags":[],"_links":{"self":[{"href":"http:\/\/amacg.lyceegutenberg.net\/index.php?rest_route=\/wp\/v2\/posts\/3085"}],"collection":[{"href":"http:\/\/amacg.lyceegutenberg.net\/index.php?rest_route=\/wp\/v2\/posts"}],"about":[{"href":"http:\/\/amacg.lyceegutenberg.net\/index.php?rest_route=\/wp\/v2\/types\/post"}],"author":[{"embeddable":true,"href":"http:\/\/amacg.lyceegutenberg.net\/index.php?rest_route=\/wp\/v2\/users\/2"}],"replies":[{"embeddable":true,"href":"http:\/\/amacg.lyceegutenberg.net\/index.php?rest_route=%2Fwp%2Fv2%2Fcomments&post=3085"}],"version-history":[{"count":2,"href":"http:\/\/amacg.lyceegutenberg.net\/index.php?rest_route=\/wp\/v2\/posts\/3085\/revisions"}],"predecessor-version":[{"id":3127,"href":"http:\/\/amacg.lyceegutenberg.net\/index.php?rest_route=\/wp\/v2\/posts\/3085\/revisions\/3127"}],"wp:attachment":[{"href":"http:\/\/amacg.lyceegutenberg.net\/index.php?rest_route=%2Fwp%2Fv2%2Fmedia&parent=3085"}],"wp:term":[{"taxonomy":"category","embeddable":true,"href":"http:\/\/amacg.lyceegutenberg.net\/index.php?rest_route=%2Fwp%2Fv2%2Fcategories&post=3085"},{"taxonomy":"post_tag","embeddable":true,"href":"http:\/\/amacg.lyceegutenberg.net\/index.php?rest_route=%2Fwp%2Fv2%2Ftags&post=3085"}],"curies":[{"name":"wp","href":"https:\/\/api.w.org\/{rel}","templated":true}]}}