{"id":2054,"date":"2015-11-30T09:43:19","date_gmt":"2015-11-30T07:43:19","guid":{"rendered":"http:\/\/amacg.lyceegutenberg.net\/?p=2054"},"modified":"2015-11-30T09:43:43","modified_gmt":"2015-11-30T07:43:43","slug":"central-vapeur-strasbourg-du-04-au-14-decembre-2015","status":"publish","type":"post","link":"https:\/\/amacg.lyceegutenberg.net\/?p=2054","title":{"rendered":"Central Vapeur Strasbourg : du 04 au 14 d\u00e9cembre 2015"},"content":{"rendered":"<p>L&rsquo;association Central Vapeur est constitu\u00e9 de collectifs d&rsquo;\u00e9dition, d&rsquo;auteurs ind\u00e9pendants et d&rsquo;acteurs culturels \u00e0 Strasbourg et en Alsace.<\/p>\n<p>Parmis nos invit\u00e9s\u00a0: de vieilles connaissances comme <a href=\"http:\/\/asso-articho.blogspot.fr\" target=\"_blank\">L\u2019Articho<\/a> et <a href=\"http:\/\/www.lesrequinsmarteaux.com\/livres\" target=\"_blank\">Les Requins Marteaux<\/a>, une ouverture graphique vers le magazine <a href=\"http:\/\/www.kiblind.com\/accueil\/p1.html\" target=\"_blank\">Kiblind<\/a>, les \u00e9ditons jeunesse <a href=\"http:\/\/editionslesfourmisrouges.com\/\" target=\"_blank\">Les Fourmis Rouges<\/a>, la bo\u00eete \u00e0 bo\u00eete <a href=\"http:\/\/www.bulbfactory.ch\/comix\/\" target=\"_blank\">B\u00fclb Comix<\/a>, les rebelles lyonnais (et non rennais) de <a href=\"http:\/\/www.mauvaisefoi-editions.com\/\" target=\"_blank\">Mauvaise Foi<\/a>, l\u2019exigeante revue de dessin contemporain <a href=\"http:\/\/www.collectionrevue.com\/\" target=\"_blank\">Collection<\/a>\u2026 Du c\u00f4t\u00e9 des locaux, des stars chez <a href=\"http:\/\/www.editions2024.com\/\" target=\"_blank\">2024<\/a>, des alternatifs avec <a href=\"http:\/\/papiergachette.blogspot.fr\/\" target=\"_blank\">Papier G\u00e2chette<\/a>, des surprises et des d\u00e9parts, comme l\u2019<a href=\"http:\/\/institutpacome.free.fr\/\" target=\"_blank\">Institut Pac\u00f4me<\/a> qu\u2019on enterrera le dimanche.<br \/>\nDans les expositions, on d\u00e9couvrira entre autres les bande dessin\u00e9es de Violaine Leroy, les tatouages de Delphine Harrer et Ana McKeir, tandis que la Maison de la R\u00e9gion accueille nos sessions pro et tables rondes. Quant au Battlestar de dessins, il faudra attendre le 12 mars durant le festival suivant, du 10 au 20 mars 2016.<\/p>\n<h4>(Micro-)\u00c9diteurs invit\u00e9s au salon:<\/h4>\n<p>L\u2019Articho, L\u2019Atelier du bourg, B\u00fclb Comix, CALC, Cercle Magazine, La Corde, Cuistax, \u00c9ditons 2024,\u00a0 \u00c9ditions du Dessin, \u00c9ditions du Livre\u00a0 \u00c9ditions Proche, Fourbi \u00c9ditions, Les Fourmis Rouges, Gargarismes, Georges Magazine, HEAD, Hoochie Coochie, Inuit, Kiblind, Mauvaise Foi, Mati\u00e8re Grasse + Amina Bouajila, Papier G\u00e2chette,\u00a0 Les Requins Marteaux, Collectif Tardigrade,\u00a0 La Tribune du Jelly Rodger, Tetra,\u00a0 Zuper\u2026<br \/>\n+ table commune: Carte Blanche, Grosgris, Pied de Mouche, La Nasa<\/p>\n<p><a href=\"http:\/\/centralvapeur.org\/wp-content\/uploads\/2015\/11\/CentralVapeur5.pdf\">Programme ici ou en version papier au CDI<\/a><\/p>\n<p><img decoding=\"async\" loading=\"lazy\" class=\"alignleft\" src=\"http:\/\/centralvapeur.org\/wp-content\/uploads\/2015\/11\/5-pierre-705x511.jpg\" alt=\"\" width=\"273\" height=\"198\" \/><\/p>\n<p>&nbsp;<\/p>\n<p>&nbsp;<\/p>\n<p>&nbsp;<\/p>\n<p>&nbsp;<\/p>\n<p>&nbsp;<\/p>\n<p>&nbsp;<\/p>\n<p>&nbsp;<\/p>\n<p>&nbsp;<\/p>\n<p>\u00c9v\u00e9nement \u00e0 ne pas rater !!!!!<\/p>\n<p>&nbsp;<\/p>\n","protected":false},"excerpt":{"rendered":"<p>L&rsquo;association Central Vapeur est constitu\u00e9 de collectifs d&rsquo;\u00e9dition, d&rsquo;auteurs ind\u00e9pendants et d&rsquo;acteurs culturels \u00e0 Strasbourg et en Alsace. Parmis nos invit\u00e9s\u00a0: de vieilles connaissances comme L\u2019Articho et Les Requins Marteaux, une ouverture graphique vers le magazine Kiblind, les \u00e9ditons jeunesse &hellip; <a href=\"https:\/\/amacg.lyceegutenberg.net\/?p=2054\">Continuer la lecture <span class=\"meta-nav\">&rarr;<\/span><\/a><\/p>\n","protected":false},"author":20,"featured_media":0,"comment_status":"closed","ping_status":"closed","sticky":false,"template":"","format":"standard","meta":{"footnotes":""},"categories":[15],"tags":[],"_links":{"self":[{"href":"https:\/\/amacg.lyceegutenberg.net\/index.php?rest_route=\/wp\/v2\/posts\/2054"}],"collection":[{"href":"https:\/\/amacg.lyceegutenberg.net\/index.php?rest_route=\/wp\/v2\/posts"}],"about":[{"href":"https:\/\/amacg.lyceegutenberg.net\/index.php?rest_route=\/wp\/v2\/types\/post"}],"author":[{"embeddable":true,"href":"https:\/\/amacg.lyceegutenberg.net\/index.php?rest_route=\/wp\/v2\/users\/20"}],"replies":[{"embeddable":true,"href":"https:\/\/amacg.lyceegutenberg.net\/index.php?rest_route=%2Fwp%2Fv2%2Fcomments&post=2054"}],"version-history":[{"count":2,"href":"https:\/\/amacg.lyceegutenberg.net\/index.php?rest_route=\/wp\/v2\/posts\/2054\/revisions"}],"predecessor-version":[{"id":2056,"href":"https:\/\/amacg.lyceegutenberg.net\/index.php?rest_route=\/wp\/v2\/posts\/2054\/revisions\/2056"}],"wp:attachment":[{"href":"https:\/\/amacg.lyceegutenberg.net\/index.php?rest_route=%2Fwp%2Fv2%2Fmedia&parent=2054"}],"wp:term":[{"taxonomy":"category","embeddable":true,"href":"https:\/\/amacg.lyceegutenberg.net\/index.php?rest_route=%2Fwp%2Fv2%2Fcategories&post=2054"},{"taxonomy":"post_tag","embeddable":true,"href":"https:\/\/amacg.lyceegutenberg.net\/index.php?rest_route=%2Fwp%2Fv2%2Ftags&post=2054"}],"curies":[{"name":"wp","href":"https:\/\/api.w.org\/{rel}","templated":true}]}}