{"id":2098,"date":"2016-01-15T14:14:28","date_gmt":"2016-01-15T12:14:28","guid":{"rendered":"http:\/\/amacg.lyceegutenberg.net\/?p=2098"},"modified":"2016-01-15T14:14:28","modified_gmt":"2016-01-15T12:14:28","slug":"rendez-vous-au-cdi-pour-consulter-le-dernier-etapes","status":"publish","type":"post","link":"https:\/\/amacg.lyceegutenberg.net\/?p=2098","title":{"rendered":"Rendez-vous au CDI pour consulter le dernier Etapes !!!!"},"content":{"rendered":"<p>Les signes regroup\u00e9s dans ce dossier \u201cSignes et symboles\u201d font \u00e9cho aux premi\u00e8res formes d\u2019\u00e9criture de par leur nature non phon\u00e9tique. Concentr\u00e9s d\u2019expression, ils peuvent \u00eatre lus comme des images. Les trac\u00e9s, les gestes et les esth\u00e9tiques qui les composent m\u00e9ritent une attention particuli\u00e8re. Au sommaire : la lettre et ses codes, que veulent les emojis ? h\u00e9raldiques modernes, iconographies.<\/p>\n<p>En suppl\u00e9ment : le studio 13\/16 f\u00eate des ses 5 ans.<\/p>\n<p><img decoding=\"async\" loading=\"lazy\" class=\"alignleft\" src=\"http:\/\/etapes.com\/system\/48369\/large\/1450088851.jpg\" alt=\"\" width=\"186\" height=\"236\" \/><\/p>\n","protected":false},"excerpt":{"rendered":"<p>Les signes regroup\u00e9s dans ce dossier \u201cSignes et symboles\u201d font \u00e9cho aux premi\u00e8res formes d\u2019\u00e9criture de par leur nature non phon\u00e9tique. Concentr\u00e9s d\u2019expression, ils peuvent \u00eatre lus comme des images. Les trac\u00e9s, les gestes et les esth\u00e9tiques qui les composent &hellip; <a href=\"https:\/\/amacg.lyceegutenberg.net\/?p=2098\">Continuer la lecture <span class=\"meta-nav\">&rarr;<\/span><\/a><\/p>\n","protected":false},"author":20,"featured_media":0,"comment_status":"closed","ping_status":"closed","sticky":false,"template":"","format":"standard","meta":{"footnotes":""},"categories":[15],"tags":[],"_links":{"self":[{"href":"https:\/\/amacg.lyceegutenberg.net\/index.php?rest_route=\/wp\/v2\/posts\/2098"}],"collection":[{"href":"https:\/\/amacg.lyceegutenberg.net\/index.php?rest_route=\/wp\/v2\/posts"}],"about":[{"href":"https:\/\/amacg.lyceegutenberg.net\/index.php?rest_route=\/wp\/v2\/types\/post"}],"author":[{"embeddable":true,"href":"https:\/\/amacg.lyceegutenberg.net\/index.php?rest_route=\/wp\/v2\/users\/20"}],"replies":[{"embeddable":true,"href":"https:\/\/amacg.lyceegutenberg.net\/index.php?rest_route=%2Fwp%2Fv2%2Fcomments&post=2098"}],"version-history":[{"count":1,"href":"https:\/\/amacg.lyceegutenberg.net\/index.php?rest_route=\/wp\/v2\/posts\/2098\/revisions"}],"predecessor-version":[{"id":2099,"href":"https:\/\/amacg.lyceegutenberg.net\/index.php?rest_route=\/wp\/v2\/posts\/2098\/revisions\/2099"}],"wp:attachment":[{"href":"https:\/\/amacg.lyceegutenberg.net\/index.php?rest_route=%2Fwp%2Fv2%2Fmedia&parent=2098"}],"wp:term":[{"taxonomy":"category","embeddable":true,"href":"https:\/\/amacg.lyceegutenberg.net\/index.php?rest_route=%2Fwp%2Fv2%2Fcategories&post=2098"},{"taxonomy":"post_tag","embeddable":true,"href":"https:\/\/amacg.lyceegutenberg.net\/index.php?rest_route=%2Fwp%2Fv2%2Ftags&post=2098"}],"curies":[{"name":"wp","href":"https:\/\/api.w.org\/{rel}","templated":true}]}}