{"id":2114,"date":"2016-01-29T14:23:09","date_gmt":"2016-01-29T12:23:09","guid":{"rendered":"http:\/\/amacg.lyceegutenberg.net\/?p=2114"},"modified":"2016-01-29T14:23:09","modified_gmt":"2016-01-29T12:23:09","slug":"adobe-lance-une-plateforme-pour-creer-son-portfolio","status":"publish","type":"post","link":"https:\/\/amacg.lyceegutenberg.net\/?p=2114","title":{"rendered":"Adobe lance une plateforme pour cr\u00e9er son portfolio"},"content":{"rendered":"<p class=\"selectionShareable\">Les produits Adobe sont bien connus des cr\u00e9atifs et la marque tente aujourd&rsquo;hui d&rsquo;\u00e9largir son offre de diffusion en proposant un nouvel outil permettant d&rsquo;\u00e9diter en ligne son portfolio.Comme son nom l&rsquo;indique, <a href=\"https:\/\/www.myportfolio.com\/\">Adobe Portfolio<\/a> ne prend pas de d\u00e9tour. Ce nouveau service veut permettre \u00e0 chacun de pr\u00e9senter ses projets avec simplicit\u00e9, tout en ayant acc\u00e8s \u00e0 un outil d&rsquo;\u00e9dition rapide et customisable, avec par exemple l&rsquo;acc\u00e8s \u00e0 plusieurs centaines de typographies.<\/p>\n<p class=\"selectionShareable\"><img decoding=\"async\" loading=\"lazy\" class=\"alignleft\" src=\"https:\/\/pro2-ui-assets-s3-fy.myportfolio.com\/f06fb26\/app\/img\/choose\/matthias-portfolio-layout-optimized.png\" alt=\"\" width=\"330\" height=\"190\" \/><\/p>\n","protected":false},"excerpt":{"rendered":"<p>Les produits Adobe sont bien connus des cr\u00e9atifs et la marque tente aujourd&rsquo;hui d&rsquo;\u00e9largir son offre de diffusion en proposant un nouvel outil permettant d&rsquo;\u00e9diter en ligne son portfolio.Comme son nom l&rsquo;indique, Adobe Portfolio ne prend pas de d\u00e9tour. Ce &hellip; <a href=\"https:\/\/amacg.lyceegutenberg.net\/?p=2114\">Continuer la lecture <span class=\"meta-nav\">&rarr;<\/span><\/a><\/p>\n","protected":false},"author":20,"featured_media":0,"comment_status":"closed","ping_status":"closed","sticky":false,"template":"","format":"standard","meta":{"footnotes":""},"categories":[15],"tags":[],"_links":{"self":[{"href":"https:\/\/amacg.lyceegutenberg.net\/index.php?rest_route=\/wp\/v2\/posts\/2114"}],"collection":[{"href":"https:\/\/amacg.lyceegutenberg.net\/index.php?rest_route=\/wp\/v2\/posts"}],"about":[{"href":"https:\/\/amacg.lyceegutenberg.net\/index.php?rest_route=\/wp\/v2\/types\/post"}],"author":[{"embeddable":true,"href":"https:\/\/amacg.lyceegutenberg.net\/index.php?rest_route=\/wp\/v2\/users\/20"}],"replies":[{"embeddable":true,"href":"https:\/\/amacg.lyceegutenberg.net\/index.php?rest_route=%2Fwp%2Fv2%2Fcomments&post=2114"}],"version-history":[{"count":1,"href":"https:\/\/amacg.lyceegutenberg.net\/index.php?rest_route=\/wp\/v2\/posts\/2114\/revisions"}],"predecessor-version":[{"id":2115,"href":"https:\/\/amacg.lyceegutenberg.net\/index.php?rest_route=\/wp\/v2\/posts\/2114\/revisions\/2115"}],"wp:attachment":[{"href":"https:\/\/amacg.lyceegutenberg.net\/index.php?rest_route=%2Fwp%2Fv2%2Fmedia&parent=2114"}],"wp:term":[{"taxonomy":"category","embeddable":true,"href":"https:\/\/amacg.lyceegutenberg.net\/index.php?rest_route=%2Fwp%2Fv2%2Fcategories&post=2114"},{"taxonomy":"post_tag","embeddable":true,"href":"https:\/\/amacg.lyceegutenberg.net\/index.php?rest_route=%2Fwp%2Fv2%2Ftags&post=2114"}],"curies":[{"name":"wp","href":"https:\/\/api.w.org\/{rel}","templated":true}]}}