{"id":2117,"date":"2016-01-30T11:05:04","date_gmt":"2016-01-30T09:05:04","guid":{"rendered":"http:\/\/amacg.lyceegutenberg.net\/?p=2117"},"modified":"2016-01-30T11:05:04","modified_gmt":"2016-01-30T09:05:04","slug":"histoire-de-la-pensee-economique","status":"publish","type":"post","link":"https:\/\/amacg.lyceegutenberg.net\/?p=2117","title":{"rendered":"histoire de la pens\u00e9e \u00e9conomique"},"content":{"rendered":"<p><a href=\"http:\/\/amacg.lyceegutenberg.net\/wp-content\/uploads\/Capture-d\u2019e\u0301cran-2016-01-30-a\u0300-10.01.40.png\"><img decoding=\"async\" loading=\"lazy\" class=\"alignnone size-medium wp-image-2118\" src=\"http:\/\/amacg.lyceegutenberg.net\/wp-content\/uploads\/Capture-d\u2019e\u0301cran-2016-01-30-a\u0300-10.01.40-300x200.png\" alt=\"Capture d\u2019e\u0301cran 2016-01-30 a\u0300 10.01.40\" width=\"300\" height=\"200\" srcset=\"https:\/\/amacg.lyceegutenberg.net\/wp-content\/uploads\/Capture-d\u2019e\u0301cran-2016-01-30-a\u0300-10.01.40-300x200.png 300w, https:\/\/amacg.lyceegutenberg.net\/wp-content\/uploads\/Capture-d\u2019e\u0301cran-2016-01-30-a\u0300-10.01.40-1024x684.png 1024w, https:\/\/amacg.lyceegutenberg.net\/wp-content\/uploads\/Capture-d\u2019e\u0301cran-2016-01-30-a\u0300-10.01.40.png 1188w\" sizes=\"(max-width: 300px) 100vw, 300px\" \/><\/a><\/p>\n<p>\u00c0 partir du 18e si\u00e8cle, des penseurs d\u00e9veloppent une r\u00e9flexion autonome sur l&rsquo;\u00e9conomie.<br \/>\nElle s&rsquo;affranchit progressivement des consid\u00e9rations politiques, morales et religieuses<br \/>\nfortement pr\u00e9sentes chez leurs lointains pr\u00e9curseurs.<br \/>\nCette fresque permet de d\u00e9couvrir les principales filiations<br \/>\nentre grands penseurs et grands courants de l&rsquo;histoire de la pens\u00e9e \u00e9conomique.<br \/>\nMais attention, les auteurs sont difficiles \u00e0 ranger dans des cases.<br \/>\nExplorez cette histoire, d&rsquo;Aristote \u00e0 nos jours !<\/p>\n<p><a href=\"http:\/\/www.citeco.fr\/histoire-pensee-economique\/index.php\" target=\"_blank\">www.citeco.fr\/histoire-pensee-economique<\/a><\/p>\n","protected":false},"excerpt":{"rendered":"<p>\u00c0 partir du 18e si\u00e8cle, des penseurs d\u00e9veloppent une r\u00e9flexion autonome sur l&rsquo;\u00e9conomie. Elle s&rsquo;affranchit progressivement des consid\u00e9rations politiques, morales et religieuses fortement pr\u00e9sentes chez leurs lointains pr\u00e9curseurs. Cette fresque permet de d\u00e9couvrir les principales filiations entre grands penseurs et &hellip; <a href=\"https:\/\/amacg.lyceegutenberg.net\/?p=2117\">Continuer la lecture <span class=\"meta-nav\">&rarr;<\/span><\/a><\/p>\n","protected":false},"author":2,"featured_media":0,"comment_status":"closed","ping_status":"closed","sticky":false,"template":"","format":"standard","meta":{"footnotes":""},"categories":[4],"tags":[],"_links":{"self":[{"href":"https:\/\/amacg.lyceegutenberg.net\/index.php?rest_route=\/wp\/v2\/posts\/2117"}],"collection":[{"href":"https:\/\/amacg.lyceegutenberg.net\/index.php?rest_route=\/wp\/v2\/posts"}],"about":[{"href":"https:\/\/amacg.lyceegutenberg.net\/index.php?rest_route=\/wp\/v2\/types\/post"}],"author":[{"embeddable":true,"href":"https:\/\/amacg.lyceegutenberg.net\/index.php?rest_route=\/wp\/v2\/users\/2"}],"replies":[{"embeddable":true,"href":"https:\/\/amacg.lyceegutenberg.net\/index.php?rest_route=%2Fwp%2Fv2%2Fcomments&post=2117"}],"version-history":[{"count":1,"href":"https:\/\/amacg.lyceegutenberg.net\/index.php?rest_route=\/wp\/v2\/posts\/2117\/revisions"}],"predecessor-version":[{"id":2119,"href":"https:\/\/amacg.lyceegutenberg.net\/index.php?rest_route=\/wp\/v2\/posts\/2117\/revisions\/2119"}],"wp:attachment":[{"href":"https:\/\/amacg.lyceegutenberg.net\/index.php?rest_route=%2Fwp%2Fv2%2Fmedia&parent=2117"}],"wp:term":[{"taxonomy":"category","embeddable":true,"href":"https:\/\/amacg.lyceegutenberg.net\/index.php?rest_route=%2Fwp%2Fv2%2Fcategories&post=2117"},{"taxonomy":"post_tag","embeddable":true,"href":"https:\/\/amacg.lyceegutenberg.net\/index.php?rest_route=%2Fwp%2Fv2%2Ftags&post=2117"}],"curies":[{"name":"wp","href":"https:\/\/api.w.org\/{rel}","templated":true}]}}