{"id":2388,"date":"2016-12-15T07:39:07","date_gmt":"2016-12-15T05:39:07","guid":{"rendered":"http:\/\/amacg.lyceegutenberg.net\/?p=2388"},"modified":"2017-05-01T07:07:37","modified_gmt":"2017-05-01T05:07:37","slug":"graphisme-en-france-3","status":"publish","type":"post","link":"https:\/\/amacg.lyceegutenberg.net\/?p=2388","title":{"rendered":"graphisme en France"},"content":{"rendered":"<p><a href=\"http:\/\/amacg.lyceegutenberg.net\/wp-content\/uploads\/Capture-d\u2019e\u0301cran-2016-12-15-a\u0300-06.36.46.png\"><img decoding=\"async\" loading=\"lazy\" class=\"alignnone wp-image-2389\" src=\"http:\/\/amacg.lyceegutenberg.net\/wp-content\/uploads\/Capture-d\u2019e\u0301cran-2016-12-15-a\u0300-06.36.46.png\" alt=\"capture-decran-2016-12-15-a-06-36-46\" width=\"500\" height=\"327\" srcset=\"https:\/\/amacg.lyceegutenberg.net\/wp-content\/uploads\/Capture-d\u2019e\u0301cran-2016-12-15-a\u0300-06.36.46.png 1451w, https:\/\/amacg.lyceegutenberg.net\/wp-content\/uploads\/Capture-d\u2019e\u0301cran-2016-12-15-a\u0300-06.36.46-300x196.png 300w, https:\/\/amacg.lyceegutenberg.net\/wp-content\/uploads\/Capture-d\u2019e\u0301cran-2016-12-15-a\u0300-06.36.46-1024x670.png 1024w\" sizes=\"(max-width: 500px) 100vw, 500px\" \/><\/a><\/p>\n<p><a href=\"http:\/\/cnap.graphismeenfrance.fr\/\" target=\"_blank\"><strong>\u00ab Graphisme en France \u00bb<\/strong> <\/a><br \/>\nest la plateforme num\u00e9rique<br \/>\ndu Centre national des arts plastiques<br \/>\nd\u00e9di\u00e9e au design graphique en France :<br \/>\ntous les \u00e9v\u00e9nements, les lieux et les personnalit\u00e9s<br \/>\nqui t\u00e9moignent de la cr\u00e9ativit\u00e9 et de la vitalit\u00e9<br \/>\nde la sc\u00e8ne fran\u00e7aise du graphisme.<\/p>\n","protected":false},"excerpt":{"rendered":"<p>\u00ab Graphisme en France \u00bb est la plateforme num\u00e9rique du Centre national des arts plastiques d\u00e9di\u00e9e au design graphique en France : tous les \u00e9v\u00e9nements, les lieux et les personnalit\u00e9s qui t\u00e9moignent de la cr\u00e9ativit\u00e9 et de la vitalit\u00e9 de &hellip; <a href=\"https:\/\/amacg.lyceegutenberg.net\/?p=2388\">Continuer la lecture <span class=\"meta-nav\">&rarr;<\/span><\/a><\/p>\n","protected":false},"author":2,"featured_media":0,"comment_status":"closed","ping_status":"closed","sticky":false,"template":"","format":"standard","meta":{"footnotes":""},"categories":[11,12,5],"tags":[],"_links":{"self":[{"href":"https:\/\/amacg.lyceegutenberg.net\/index.php?rest_route=\/wp\/v2\/posts\/2388"}],"collection":[{"href":"https:\/\/amacg.lyceegutenberg.net\/index.php?rest_route=\/wp\/v2\/posts"}],"about":[{"href":"https:\/\/amacg.lyceegutenberg.net\/index.php?rest_route=\/wp\/v2\/types\/post"}],"author":[{"embeddable":true,"href":"https:\/\/amacg.lyceegutenberg.net\/index.php?rest_route=\/wp\/v2\/users\/2"}],"replies":[{"embeddable":true,"href":"https:\/\/amacg.lyceegutenberg.net\/index.php?rest_route=%2Fwp%2Fv2%2Fcomments&post=2388"}],"version-history":[{"count":3,"href":"https:\/\/amacg.lyceegutenberg.net\/index.php?rest_route=\/wp\/v2\/posts\/2388\/revisions"}],"predecessor-version":[{"id":2739,"href":"https:\/\/amacg.lyceegutenberg.net\/index.php?rest_route=\/wp\/v2\/posts\/2388\/revisions\/2739"}],"wp:attachment":[{"href":"https:\/\/amacg.lyceegutenberg.net\/index.php?rest_route=%2Fwp%2Fv2%2Fmedia&parent=2388"}],"wp:term":[{"taxonomy":"category","embeddable":true,"href":"https:\/\/amacg.lyceegutenberg.net\/index.php?rest_route=%2Fwp%2Fv2%2Fcategories&post=2388"},{"taxonomy":"post_tag","embeddable":true,"href":"https:\/\/amacg.lyceegutenberg.net\/index.php?rest_route=%2Fwp%2Fv2%2Ftags&post=2388"}],"curies":[{"name":"wp","href":"https:\/\/api.w.org\/{rel}","templated":true}]}}