{"id":2403,"date":"2017-01-05T19:34:27","date_gmt":"2017-01-05T17:34:27","guid":{"rendered":"http:\/\/amacg.lyceegutenberg.net\/?p=2403"},"modified":"2017-01-05T19:34:27","modified_gmt":"2017-01-05T17:34:27","slug":"atelier-25","status":"publish","type":"post","link":"https:\/\/amacg.lyceegutenberg.net\/?p=2403","title":{"rendered":"atelier 25"},"content":{"rendered":"<p><a href=\"http:\/\/amacg.lyceegutenberg.net\/wp-content\/uploads\/ATELIER5137_BD_r_800.jpg\"><img decoding=\"async\" loading=\"lazy\" class=\"alignnone  wp-image-2404\" src=\"http:\/\/amacg.lyceegutenberg.net\/wp-content\/uploads\/ATELIER5137_BD_r_800.jpg\" alt=\"atelier5137_bd_r_800\" width=\"312\" height=\"208\" srcset=\"https:\/\/amacg.lyceegutenberg.net\/wp-content\/uploads\/ATELIER5137_BD_r_800.jpg 800w, https:\/\/amacg.lyceegutenberg.net\/wp-content\/uploads\/ATELIER5137_BD_r_800-300x200.jpg 300w\" sizes=\"(max-width: 312px) 100vw, 312px\" \/><\/a><\/p>\n<p>en compl\u00e9ment \u00e0 l&rsquo;expo du moment au CDI<br \/>\nallez d\u00e9couvrir les 2 graphistes de l&rsquo;<a href=\"http:\/\/www.atelier-25.com\" target=\"_blank\">atelier 25<\/a><br \/>\nqui ont entre autres r\u00e9alis\u00e9 l&rsquo;identit\u00e9 visuelle de la filature<\/p>\n","protected":false},"excerpt":{"rendered":"<p>en compl\u00e9ment \u00e0 l&rsquo;expo du moment au CDI allez d\u00e9couvrir les 2 graphistes de l&rsquo;atelier 25 qui ont entre autres r\u00e9alis\u00e9 l&rsquo;identit\u00e9 visuelle de la filature<\/p>\n","protected":false},"author":2,"featured_media":0,"comment_status":"closed","ping_status":"closed","sticky":false,"template":"","format":"standard","meta":{"footnotes":""},"categories":[11],"tags":[],"_links":{"self":[{"href":"https:\/\/amacg.lyceegutenberg.net\/index.php?rest_route=\/wp\/v2\/posts\/2403"}],"collection":[{"href":"https:\/\/amacg.lyceegutenberg.net\/index.php?rest_route=\/wp\/v2\/posts"}],"about":[{"href":"https:\/\/amacg.lyceegutenberg.net\/index.php?rest_route=\/wp\/v2\/types\/post"}],"author":[{"embeddable":true,"href":"https:\/\/amacg.lyceegutenberg.net\/index.php?rest_route=\/wp\/v2\/users\/2"}],"replies":[{"embeddable":true,"href":"https:\/\/amacg.lyceegutenberg.net\/index.php?rest_route=%2Fwp%2Fv2%2Fcomments&post=2403"}],"version-history":[{"count":1,"href":"https:\/\/amacg.lyceegutenberg.net\/index.php?rest_route=\/wp\/v2\/posts\/2403\/revisions"}],"predecessor-version":[{"id":2405,"href":"https:\/\/amacg.lyceegutenberg.net\/index.php?rest_route=\/wp\/v2\/posts\/2403\/revisions\/2405"}],"wp:attachment":[{"href":"https:\/\/amacg.lyceegutenberg.net\/index.php?rest_route=%2Fwp%2Fv2%2Fmedia&parent=2403"}],"wp:term":[{"taxonomy":"category","embeddable":true,"href":"https:\/\/amacg.lyceegutenberg.net\/index.php?rest_route=%2Fwp%2Fv2%2Fcategories&post=2403"},{"taxonomy":"post_tag","embeddable":true,"href":"https:\/\/amacg.lyceegutenberg.net\/index.php?rest_route=%2Fwp%2Fv2%2Ftags&post=2403"}],"curies":[{"name":"wp","href":"https:\/\/api.w.org\/{rel}","templated":true}]}}