{"id":2438,"date":"2017-01-18T11:16:44","date_gmt":"2017-01-18T09:16:44","guid":{"rendered":"http:\/\/amacg.lyceegutenberg.net\/?p=2438"},"modified":"2017-01-18T12:09:54","modified_gmt":"2017-01-18T10:09:54","slug":"expression","status":"publish","type":"post","link":"https:\/\/amacg.lyceegutenberg.net\/?p=2438","title":{"rendered":"Exposition \u00ab\u00a0Expression, Image, Libert\u00e9\u00a0\u00bb \u00e0 la maison du citoyen \u00e0 Schiltigheim"},"content":{"rendered":"<p><img decoding=\"async\" loading=\"lazy\" class=\"alignleft\" src=\"http:\/\/images.geant-beaux-arts.fr\/out\/pictures\/originale_jpg\/pboxx-pixelboxx-2519447\" alt=\"\" width=\"228\" height=\"335\" \/><\/p>\n<p>&nbsp;<\/p>\n<p>&nbsp;<\/p>\n<p>&nbsp;<\/p>\n<p>&nbsp;<\/p>\n<p>&nbsp;<\/p>\n<p>&nbsp;<\/p>\n<p>&nbsp;<\/p>\n<p>&nbsp;<\/p>\n<p>&nbsp;<\/p>\n<p>&nbsp;<\/p>\n<p>&nbsp;<\/p>\n<p>&nbsp;<\/p>\n<p>&nbsp;<\/p>\n<p>\u00ab\u00a0Expression, Image, Libert\u00e9\u00a0\u00bb\u00a0 mobilise\u00a0 11 graphistes engag\u00e9s, du <strong>3 f\u00e9vrier au 30 avril 2017<\/strong> sur le th\u00e8me de <strong>Libert\u00e9 d\u2019expression et l\u2019Expression des Libert\u00e9s<\/strong>. Cette exposition innovante s\u2019inscrit pleinement dans les dispositifs de l\u2019\u00c9ducation Nationale\u00a0: l\u2019EMC, le parcours culturel ou encore le parcours citoyen. Elle pr\u00e9sente de mani\u00e8re interactive, des affiches, des objets graphiques et autres d\u00e9marches citoyennes initi\u00e9es par des graphistes ou leurs collectifs, de sensibilit\u00e9, de parcours et d\u2019origine diff\u00e9rents \u00e9veillant le public au graphisme engag\u00e9 et \u00e0 une r\u00e9flexion de fond sur diff\u00e9rents enjeux de soci\u00e9t\u00e9\u00a0: La libert\u00e9 d\u2019expression, l\u2019engagement, les droits \u00e0 d\u00e9fendre, les in\u00e9galit\u00e9s, la beaut\u00e9 de la diff\u00e9rence, la paix, la r\u00e9sistance, l\u2019existence et le bonheur.<\/p>\n<p>Pour plus d&rsquo;infos, cliquez ici : <a href=\"http:\/\/amacg.lyceegutenberg.net\/wp-content\/uploads\/Dp\u00e9dagogique-Expression-Image-Libert\u00e9.pdf\">Dp\u00e9dagogique Expression Image Libert\u00e9<\/a><\/p>\n<p>Week-end vernissage le vendredi 03 f\u00e9vrier \u00e0 18h, en pr\u00e9sence des graphistes de l\u2019exposition et les samedi \u00a004 et Dimanche 05 f\u00e9vrier de 10h \u00e0 18h en coproduction avec le collectif Fabrication maison.<\/p>\n<p>Horaires d\u2019ouverture en visite libre :<br \/>\nDu lundi au jeudi : de 9H \u00e0 12H et de 14H \u00e0 18H.<br \/>\nVendredi : de 9H \u00e0 14H.<br \/>\nDimanche : de 15h \u00e0 19H, sauf le 16\/04.<br \/>\nNocturnes\/afterwork :\u00a0Le 2e mercredi du mois (8\/02, 8\/03 et 12\/04) ouverture prolong\u00e9e jusqu\u2019\u00e0 20h.<\/p>\n<p>Maison du jeune citoyen<br \/>\n7, rue des pompiers \u2013 Schiltigheim<\/p>\n","protected":false},"excerpt":{"rendered":"<p>&nbsp; &nbsp; &nbsp; &nbsp; &nbsp; &nbsp; &nbsp; &nbsp; &nbsp; &nbsp; &nbsp; &nbsp; &nbsp; \u00ab\u00a0Expression, Image, Libert\u00e9\u00a0\u00bb\u00a0 mobilise\u00a0 11 graphistes engag\u00e9s, du 3 f\u00e9vrier au 30 avril 2017 sur le th\u00e8me de Libert\u00e9 d\u2019expression et l\u2019Expression des Libert\u00e9s. Cette exposition innovante &hellip; <a href=\"https:\/\/amacg.lyceegutenberg.net\/?p=2438\">Continuer la lecture <span class=\"meta-nav\">&rarr;<\/span><\/a><\/p>\n","protected":false},"author":20,"featured_media":0,"comment_status":"closed","ping_status":"closed","sticky":false,"template":"","format":"standard","meta":{"footnotes":""},"categories":[10,1],"tags":[],"_links":{"self":[{"href":"https:\/\/amacg.lyceegutenberg.net\/index.php?rest_route=\/wp\/v2\/posts\/2438"}],"collection":[{"href":"https:\/\/amacg.lyceegutenberg.net\/index.php?rest_route=\/wp\/v2\/posts"}],"about":[{"href":"https:\/\/amacg.lyceegutenberg.net\/index.php?rest_route=\/wp\/v2\/types\/post"}],"author":[{"embeddable":true,"href":"https:\/\/amacg.lyceegutenberg.net\/index.php?rest_route=\/wp\/v2\/users\/20"}],"replies":[{"embeddable":true,"href":"https:\/\/amacg.lyceegutenberg.net\/index.php?rest_route=%2Fwp%2Fv2%2Fcomments&post=2438"}],"version-history":[{"count":7,"href":"https:\/\/amacg.lyceegutenberg.net\/index.php?rest_route=\/wp\/v2\/posts\/2438\/revisions"}],"predecessor-version":[{"id":2446,"href":"https:\/\/amacg.lyceegutenberg.net\/index.php?rest_route=\/wp\/v2\/posts\/2438\/revisions\/2446"}],"wp:attachment":[{"href":"https:\/\/amacg.lyceegutenberg.net\/index.php?rest_route=%2Fwp%2Fv2%2Fmedia&parent=2438"}],"wp:term":[{"taxonomy":"category","embeddable":true,"href":"https:\/\/amacg.lyceegutenberg.net\/index.php?rest_route=%2Fwp%2Fv2%2Fcategories&post=2438"},{"taxonomy":"post_tag","embeddable":true,"href":"https:\/\/amacg.lyceegutenberg.net\/index.php?rest_route=%2Fwp%2Fv2%2Ftags&post=2438"}],"curies":[{"name":"wp","href":"https:\/\/api.w.org\/{rel}","templated":true}]}}