{"id":2492,"date":"2017-02-04T08:55:21","date_gmt":"2017-02-04T06:55:21","guid":{"rendered":"http:\/\/amacg.lyceegutenberg.net\/?p=2492"},"modified":"2017-02-04T08:55:21","modified_gmt":"2017-02-04T06:55:21","slug":"concept-magique","status":"publish","type":"post","link":"https:\/\/amacg.lyceegutenberg.net\/?p=2492","title":{"rendered":"concept magique !"},"content":{"rendered":"<p><a href=\"http:\/\/amacg.lyceegutenberg.net\/wp-content\/uploads\/festival-magie-quebec-1.jpg\"><img decoding=\"async\" loading=\"lazy\" class=\"alignnone wp-image-2493 size-medium\" src=\"http:\/\/amacg.lyceegutenberg.net\/wp-content\/uploads\/festival-magie-quebec-1-205x300.jpg\" alt=\"festival-magie-quebec-1\" width=\"205\" height=\"300\" srcset=\"https:\/\/amacg.lyceegutenberg.net\/wp-content\/uploads\/festival-magie-quebec-1-205x300.jpg 205w, https:\/\/amacg.lyceegutenberg.net\/wp-content\/uploads\/festival-magie-quebec-1.jpg 370w\" sizes=\"(max-width: 205px) 100vw, 205px\" \/><\/a><\/p>\n<p>r\u00e9alisation pluri m\u00e9dia \u00e0 d\u00e9couvrir par ici :<br \/>\n<a href=\"https:\/\/www.graphiline.com\/article\/22325\/un-festival-de-magie-cree-de-superbes-affiches-magiques\" target=\"_blank\">www.graphiline.com<\/a><\/p>\n","protected":false},"excerpt":{"rendered":"<p>r\u00e9alisation pluri m\u00e9dia \u00e0 d\u00e9couvrir par ici : www.graphiline.com<\/p>\n","protected":false},"author":2,"featured_media":0,"comment_status":"closed","ping_status":"closed","sticky":false,"template":"","format":"standard","meta":{"footnotes":""},"categories":[23],"tags":[],"_links":{"self":[{"href":"https:\/\/amacg.lyceegutenberg.net\/index.php?rest_route=\/wp\/v2\/posts\/2492"}],"collection":[{"href":"https:\/\/amacg.lyceegutenberg.net\/index.php?rest_route=\/wp\/v2\/posts"}],"about":[{"href":"https:\/\/amacg.lyceegutenberg.net\/index.php?rest_route=\/wp\/v2\/types\/post"}],"author":[{"embeddable":true,"href":"https:\/\/amacg.lyceegutenberg.net\/index.php?rest_route=\/wp\/v2\/users\/2"}],"replies":[{"embeddable":true,"href":"https:\/\/amacg.lyceegutenberg.net\/index.php?rest_route=%2Fwp%2Fv2%2Fcomments&post=2492"}],"version-history":[{"count":1,"href":"https:\/\/amacg.lyceegutenberg.net\/index.php?rest_route=\/wp\/v2\/posts\/2492\/revisions"}],"predecessor-version":[{"id":2494,"href":"https:\/\/amacg.lyceegutenberg.net\/index.php?rest_route=\/wp\/v2\/posts\/2492\/revisions\/2494"}],"wp:attachment":[{"href":"https:\/\/amacg.lyceegutenberg.net\/index.php?rest_route=%2Fwp%2Fv2%2Fmedia&parent=2492"}],"wp:term":[{"taxonomy":"category","embeddable":true,"href":"https:\/\/amacg.lyceegutenberg.net\/index.php?rest_route=%2Fwp%2Fv2%2Fcategories&post=2492"},{"taxonomy":"post_tag","embeddable":true,"href":"https:\/\/amacg.lyceegutenberg.net\/index.php?rest_route=%2Fwp%2Fv2%2Ftags&post=2492"}],"curies":[{"name":"wp","href":"https:\/\/api.w.org\/{rel}","templated":true}]}}