{"id":2579,"date":"2017-11-06T05:58:09","date_gmt":"2017-11-06T03:58:09","guid":{"rendered":"http:\/\/amacg.lyceegutenberg.net\/?p=2579"},"modified":"2017-11-09T07:59:31","modified_gmt":"2017-11-09T05:59:31","slug":"www-typographiefrancaise-fr","status":"publish","type":"post","link":"https:\/\/amacg.lyceegutenberg.net\/?p=2579","title":{"rendered":"www.typographiefrancaise.fr"},"content":{"rendered":"<p><a href=\"http:\/\/amacg.lyceegutenberg.net\/wp-content\/uploads\/Capture-d\u2019e\u0301cran-2017-03-05-a\u0300-16.53.26.png\"><img decoding=\"async\" loading=\"lazy\" class=\"alignnone wp-image-2580\" src=\"http:\/\/amacg.lyceegutenberg.net\/wp-content\/uploads\/Capture-d\u2019e\u0301cran-2017-03-05-a\u0300-16.53.26.png\" alt=\"Capture d\u2019e\u0301cran 2017-03-05 a\u0300 16.53.26\" width=\"500\" height=\"97\" srcset=\"https:\/\/amacg.lyceegutenberg.net\/wp-content\/uploads\/Capture-d\u2019e\u0301cran-2017-03-05-a\u0300-16.53.26.png 754w, https:\/\/amacg.lyceegutenberg.net\/wp-content\/uploads\/Capture-d\u2019e\u0301cran-2017-03-05-a\u0300-16.53.26-300x58.png 300w\" sizes=\"(max-width: 500px) 100vw, 500px\" \/><\/a><\/p>\n<p>r\u00e9pertoire de la sc\u00e8ne typographique fran\u00e7aise par\u00a0Frank Adebiaye<br \/>\n<a href=\"http:\/\/www.typographiefrancaise.fr\" target=\"_blank\">www.typographiefrancaise.fr<\/a><\/p>\n","protected":false},"excerpt":{"rendered":"<p>r\u00e9pertoire de la sc\u00e8ne typographique fran\u00e7aise par\u00a0Frank Adebiaye www.typographiefrancaise.fr<\/p>\n","protected":false},"author":2,"featured_media":0,"comment_status":"closed","ping_status":"closed","sticky":false,"template":"","format":"standard","meta":{"footnotes":""},"categories":[5],"tags":[],"_links":{"self":[{"href":"https:\/\/amacg.lyceegutenberg.net\/index.php?rest_route=\/wp\/v2\/posts\/2579"}],"collection":[{"href":"https:\/\/amacg.lyceegutenberg.net\/index.php?rest_route=\/wp\/v2\/posts"}],"about":[{"href":"https:\/\/amacg.lyceegutenberg.net\/index.php?rest_route=\/wp\/v2\/types\/post"}],"author":[{"embeddable":true,"href":"https:\/\/amacg.lyceegutenberg.net\/index.php?rest_route=\/wp\/v2\/users\/2"}],"replies":[{"embeddable":true,"href":"https:\/\/amacg.lyceegutenberg.net\/index.php?rest_route=%2Fwp%2Fv2%2Fcomments&post=2579"}],"version-history":[{"count":3,"href":"https:\/\/amacg.lyceegutenberg.net\/index.php?rest_route=\/wp\/v2\/posts\/2579\/revisions"}],"predecessor-version":[{"id":2726,"href":"https:\/\/amacg.lyceegutenberg.net\/index.php?rest_route=\/wp\/v2\/posts\/2579\/revisions\/2726"}],"wp:attachment":[{"href":"https:\/\/amacg.lyceegutenberg.net\/index.php?rest_route=%2Fwp%2Fv2%2Fmedia&parent=2579"}],"wp:term":[{"taxonomy":"category","embeddable":true,"href":"https:\/\/amacg.lyceegutenberg.net\/index.php?rest_route=%2Fwp%2Fv2%2Fcategories&post=2579"},{"taxonomy":"post_tag","embeddable":true,"href":"https:\/\/amacg.lyceegutenberg.net\/index.php?rest_route=%2Fwp%2Fv2%2Ftags&post=2579"}],"curies":[{"name":"wp","href":"https:\/\/api.w.org\/{rel}","templated":true}]}}