{"id":2596,"date":"2017-03-06T16:51:20","date_gmt":"2017-03-06T14:51:20","guid":{"rendered":"http:\/\/amacg.lyceegutenberg.net\/?p=2596"},"modified":"2017-03-06T16:51:20","modified_gmt":"2017-03-06T14:51:20","slug":"qui-pro-quo","status":"publish","type":"post","link":"https:\/\/amacg.lyceegutenberg.net\/?p=2596","title":{"rendered":"QUI PRO QUO"},"content":{"rendered":"<p><a href=\"http:\/\/amacg.lyceegutenberg.net\/wp-content\/uploads\/xxx.png\"><img decoding=\"async\" loading=\"lazy\" class=\"alignnone size-full wp-image-2597\" src=\"http:\/\/amacg.lyceegutenberg.net\/wp-content\/uploads\/xxx.png\" alt=\"xxx\" width=\"246\" height=\"243\" \/><\/a><\/p>\n<p><a href=\"http:\/\/la-bibliotheque.de\/quiproquo\/\" target=\"_blank\"><strong>Quiproquo<\/strong><\/a> est un dispositif de rencontre et d\u2019\u00e9change de livres entre auteurs et auto-\u00e9diteurs.<br \/>\nC\u2019est aussi une exposition \u00e9ph\u00e9m\u00e8re, collective, consacr\u00e9e aux pratiques \u00e9ditoriales et artistiques.<br \/>\nElle est ouverte \u00e0 toute personne pr\u00e9sente le jour du troc, pr\u00eate \u00e0 \u00e9changer ses propres publications<br \/>\navec celles des autres participants<\/p>\n<p>Prochain \u00e9v\u00e9nement : le 31 mars et 1er avril<br \/>\ndans le cadre de la <a href=\"http:\/\/www.exemplaires2017.fr\/\" target=\"_blank\"><strong>2e Biennale de l\u2019\u00e9dition<\/strong><\/a> qui se d\u00e9roulera \u00e0 Strasbourg<\/p>\n","protected":false},"excerpt":{"rendered":"<p>Quiproquo est un dispositif de rencontre et d\u2019\u00e9change de livres entre auteurs et auto-\u00e9diteurs. C\u2019est aussi une exposition \u00e9ph\u00e9m\u00e8re, collective, consacr\u00e9e aux pratiques \u00e9ditoriales et artistiques. Elle est ouverte \u00e0 toute personne pr\u00e9sente le jour du troc, pr\u00eate \u00e0 \u00e9changer &hellip; <a href=\"https:\/\/amacg.lyceegutenberg.net\/?p=2596\">Continuer la lecture <span class=\"meta-nav\">&rarr;<\/span><\/a><\/p>\n","protected":false},"author":2,"featured_media":0,"comment_status":"closed","ping_status":"closed","sticky":false,"template":"","format":"standard","meta":{"footnotes":""},"categories":[10],"tags":[],"_links":{"self":[{"href":"https:\/\/amacg.lyceegutenberg.net\/index.php?rest_route=\/wp\/v2\/posts\/2596"}],"collection":[{"href":"https:\/\/amacg.lyceegutenberg.net\/index.php?rest_route=\/wp\/v2\/posts"}],"about":[{"href":"https:\/\/amacg.lyceegutenberg.net\/index.php?rest_route=\/wp\/v2\/types\/post"}],"author":[{"embeddable":true,"href":"https:\/\/amacg.lyceegutenberg.net\/index.php?rest_route=\/wp\/v2\/users\/2"}],"replies":[{"embeddable":true,"href":"https:\/\/amacg.lyceegutenberg.net\/index.php?rest_route=%2Fwp%2Fv2%2Fcomments&post=2596"}],"version-history":[{"count":1,"href":"https:\/\/amacg.lyceegutenberg.net\/index.php?rest_route=\/wp\/v2\/posts\/2596\/revisions"}],"predecessor-version":[{"id":2598,"href":"https:\/\/amacg.lyceegutenberg.net\/index.php?rest_route=\/wp\/v2\/posts\/2596\/revisions\/2598"}],"wp:attachment":[{"href":"https:\/\/amacg.lyceegutenberg.net\/index.php?rest_route=%2Fwp%2Fv2%2Fmedia&parent=2596"}],"wp:term":[{"taxonomy":"category","embeddable":true,"href":"https:\/\/amacg.lyceegutenberg.net\/index.php?rest_route=%2Fwp%2Fv2%2Fcategories&post=2596"},{"taxonomy":"post_tag","embeddable":true,"href":"https:\/\/amacg.lyceegutenberg.net\/index.php?rest_route=%2Fwp%2Fv2%2Ftags&post=2596"}],"curies":[{"name":"wp","href":"https:\/\/api.w.org\/{rel}","templated":true}]}}