{"id":2874,"date":"2017-09-23T08:43:26","date_gmt":"2017-09-23T06:43:26","guid":{"rendered":"http:\/\/amacg.lyceegutenberg.net\/?p=2874"},"modified":"2017-09-23T08:43:26","modified_gmt":"2017-09-23T06:43:26","slug":"gutenberg-laventure-de-limprimerie","status":"publish","type":"post","link":"https:\/\/amacg.lyceegutenberg.net\/?p=2874","title":{"rendered":"Gutenberg \u2013 l&rsquo;aventure de l&rsquo;imprimerie"},"content":{"rendered":"<p><a href=\"http:\/\/amacg.lyceegutenberg.net\/wp-content\/uploads\/gutenberg-aventure-imprimerie.jpg\"><img decoding=\"async\" loading=\"lazy\" class=\"alignnone wp-image-2875\" src=\"http:\/\/amacg.lyceegutenberg.net\/wp-content\/uploads\/gutenberg-aventure-imprimerie.jpg\" alt=\"gutenberg-aventure-imprimerie\" width=\"500\" height=\"282\" srcset=\"https:\/\/amacg.lyceegutenberg.net\/wp-content\/uploads\/gutenberg-aventure-imprimerie.jpg 980w, https:\/\/amacg.lyceegutenberg.net\/wp-content\/uploads\/gutenberg-aventure-imprimerie-300x169.jpg 300w\" sizes=\"(max-width: 500px) 100vw, 500px\" \/><\/a><\/p>\n<p>XVe si\u00e8cle. L\u2019imprimerie appara\u00eet au c\u0153ur de l\u2019Europe,<br \/>\nentre Strasbourg et Mayence. Elle va r\u00e9volutionner le monde.<br \/>\nMais comment cette invention majeure est-elle n\u00e9e\u00a0?<br \/>\nQui est l\u2019homme que l\u2019on tient pour son inventeur\u00a0?<br \/>\nEn m\u00ealant sc\u00e8nes de fiction et enqu\u00eate<br \/>\nsur la vie mouvement\u00e9e de Johannes Gutenberg (1400-1468)<br \/>\nle film nous plonge au c\u0153ur du Moyen-\u00c2ge<br \/>\net d\u00e9voile la v\u00e9ritable histoire de la naissance de l\u2019imprimerie.<\/p>\n<p>Retrouvez la bande annonce &amp; qqs extraits par ici :<br \/>\n<a href=\"https:\/\/www.facebook.com\/gutenbergmovie\/?hc_ref=ARSrvvkAbKAmF3nSfzI5Ez6mApPCSmI4WdxgK4MVFjBLKZiiFAoSHNrpn0Paf6jP2Wg\" target=\"_blank\">www.facebook.com\/gutenbergmovie<\/a><\/p>\n<p>Visionnez le film sur <a href=\"https:\/\/www.arte.tv\/fr\/videos\/064434-000-A\/gutenberg-l-aventure-de-l-imprimerie\/\" target=\"_blank\">Arte<\/a> le 14 octobre \u00e0 20h50<\/p>\n<p>&amp; bient\u00f4t ailleurs non loin de chez nous\u2026<br \/>\n<strong>ouvrez vos yeux &amp; oreilles !<\/strong><\/p>\n","protected":false},"excerpt":{"rendered":"<p>XVe si\u00e8cle. L\u2019imprimerie appara\u00eet au c\u0153ur de l\u2019Europe, entre Strasbourg et Mayence. Elle va r\u00e9volutionner le monde. Mais comment cette invention majeure est-elle n\u00e9e\u00a0? Qui est l\u2019homme que l\u2019on tient pour son inventeur\u00a0? En m\u00ealant sc\u00e8nes de fiction et enqu\u00eate &hellip; <a href=\"https:\/\/amacg.lyceegutenberg.net\/?p=2874\">Continuer la lecture <span class=\"meta-nav\">&rarr;<\/span><\/a><\/p>\n","protected":false},"author":2,"featured_media":0,"comment_status":"closed","ping_status":"closed","sticky":false,"template":"","format":"standard","meta":{"footnotes":""},"categories":[10,22],"tags":[],"_links":{"self":[{"href":"https:\/\/amacg.lyceegutenberg.net\/index.php?rest_route=\/wp\/v2\/posts\/2874"}],"collection":[{"href":"https:\/\/amacg.lyceegutenberg.net\/index.php?rest_route=\/wp\/v2\/posts"}],"about":[{"href":"https:\/\/amacg.lyceegutenberg.net\/index.php?rest_route=\/wp\/v2\/types\/post"}],"author":[{"embeddable":true,"href":"https:\/\/amacg.lyceegutenberg.net\/index.php?rest_route=\/wp\/v2\/users\/2"}],"replies":[{"embeddable":true,"href":"https:\/\/amacg.lyceegutenberg.net\/index.php?rest_route=%2Fwp%2Fv2%2Fcomments&post=2874"}],"version-history":[{"count":1,"href":"https:\/\/amacg.lyceegutenberg.net\/index.php?rest_route=\/wp\/v2\/posts\/2874\/revisions"}],"predecessor-version":[{"id":2876,"href":"https:\/\/amacg.lyceegutenberg.net\/index.php?rest_route=\/wp\/v2\/posts\/2874\/revisions\/2876"}],"wp:attachment":[{"href":"https:\/\/amacg.lyceegutenberg.net\/index.php?rest_route=%2Fwp%2Fv2%2Fmedia&parent=2874"}],"wp:term":[{"taxonomy":"category","embeddable":true,"href":"https:\/\/amacg.lyceegutenberg.net\/index.php?rest_route=%2Fwp%2Fv2%2Fcategories&post=2874"},{"taxonomy":"post_tag","embeddable":true,"href":"https:\/\/amacg.lyceegutenberg.net\/index.php?rest_route=%2Fwp%2Fv2%2Ftags&post=2874"}],"curies":[{"name":"wp","href":"https:\/\/api.w.org\/{rel}","templated":true}]}}