{"id":2896,"date":"2017-11-11T09:15:02","date_gmt":"2017-11-11T07:15:02","guid":{"rendered":"http:\/\/amacg.lyceegutenberg.net\/?p=2896"},"modified":"2017-11-11T09:17:15","modified_gmt":"2017-11-11T07:17:15","slug":"breve-histoire-de-la-photo","status":"publish","type":"post","link":"https:\/\/amacg.lyceegutenberg.net\/?p=2896","title":{"rendered":"br\u00e8ve histoire de la photo"},"content":{"rendered":"<p><iframe loading=\"lazy\" width=\"584\" height=\"329\" src=\"https:\/\/www.youtube.com\/embed\/wmGe9NIph_Q?feature=oembed\" frameborder=\"0\" allow=\"accelerometer; autoplay; encrypted-media; gyroscope; picture-in-picture\" allowfullscreen><\/iframe><\/p>\n<p>en 2016 la photo a \u00e9t\u00e9 \u00e0 l\u2019honneur au Grand Palais \u00e0 Paris<br \/>\nMichel Poivert nous fait r\u00e9viser l\u2019histoire de la photographie<\/p>\n","protected":false},"excerpt":{"rendered":"<p>en 2016 la photo a \u00e9t\u00e9 \u00e0 l\u2019honneur au Grand Palais \u00e0 Paris Michel Poivert nous fait r\u00e9viser l\u2019histoire de la photographie<\/p>\n","protected":false},"author":2,"featured_media":0,"comment_status":"closed","ping_status":"closed","sticky":false,"template":"","format":"standard","meta":{"footnotes":""},"categories":[1],"tags":[],"_links":{"self":[{"href":"https:\/\/amacg.lyceegutenberg.net\/index.php?rest_route=\/wp\/v2\/posts\/2896"}],"collection":[{"href":"https:\/\/amacg.lyceegutenberg.net\/index.php?rest_route=\/wp\/v2\/posts"}],"about":[{"href":"https:\/\/amacg.lyceegutenberg.net\/index.php?rest_route=\/wp\/v2\/types\/post"}],"author":[{"embeddable":true,"href":"https:\/\/amacg.lyceegutenberg.net\/index.php?rest_route=\/wp\/v2\/users\/2"}],"replies":[{"embeddable":true,"href":"https:\/\/amacg.lyceegutenberg.net\/index.php?rest_route=%2Fwp%2Fv2%2Fcomments&post=2896"}],"version-history":[{"count":3,"href":"https:\/\/amacg.lyceegutenberg.net\/index.php?rest_route=\/wp\/v2\/posts\/2896\/revisions"}],"predecessor-version":[{"id":2899,"href":"https:\/\/amacg.lyceegutenberg.net\/index.php?rest_route=\/wp\/v2\/posts\/2896\/revisions\/2899"}],"wp:attachment":[{"href":"https:\/\/amacg.lyceegutenberg.net\/index.php?rest_route=%2Fwp%2Fv2%2Fmedia&parent=2896"}],"wp:term":[{"taxonomy":"category","embeddable":true,"href":"https:\/\/amacg.lyceegutenberg.net\/index.php?rest_route=%2Fwp%2Fv2%2Fcategories&post=2896"},{"taxonomy":"post_tag","embeddable":true,"href":"https:\/\/amacg.lyceegutenberg.net\/index.php?rest_route=%2Fwp%2Fv2%2Ftags&post=2896"}],"curies":[{"name":"wp","href":"https:\/\/api.w.org\/{rel}","templated":true}]}}