{"id":2900,"date":"2017-11-11T09:28:01","date_gmt":"2017-11-11T07:28:01","guid":{"rendered":"http:\/\/amacg.lyceegutenberg.net\/?p=2900"},"modified":"2017-11-11T09:30:37","modified_gmt":"2017-11-11T07:30:37","slug":"lart-dapprendre","status":"publish","type":"post","link":"https:\/\/amacg.lyceegutenberg.net\/?p=2900","title":{"rendered":"l&rsquo;art d&rsquo;apprendre"},"content":{"rendered":"<p><a href=\"http:\/\/amacg.lyceegutenberg.net\/wp-content\/uploads\/Capture-d\u2019e\u0301cran-2017-11-11-a\u0300-08.22.20.png\"><img decoding=\"async\" loading=\"lazy\" class=\"alignnone wp-image-2901\" src=\"http:\/\/amacg.lyceegutenberg.net\/wp-content\/uploads\/Capture-d\u2019e\u0301cran-2017-11-11-a\u0300-08.22.20.png\" alt=\"Capture d\u2019e\u0301cran 2017-11-11 a\u0300 08.22.20\" width=\"500\" height=\"369\" srcset=\"https:\/\/amacg.lyceegutenberg.net\/wp-content\/uploads\/Capture-d\u2019e\u0301cran-2017-11-11-a\u0300-08.22.20.png 1391w, https:\/\/amacg.lyceegutenberg.net\/wp-content\/uploads\/Capture-d\u2019e\u0301cran-2017-11-11-a\u0300-08.22.20-300x221.png 300w, https:\/\/amacg.lyceegutenberg.net\/wp-content\/uploads\/Capture-d\u2019e\u0301cran-2017-11-11-a\u0300-08.22.20-1024x756.png 1024w\" sizes=\"(max-width: 500px) 100vw, 500px\" \/><\/a><\/p>\n<p><a href=\"http:\/\/education.francetv.fr\/\" target=\"_blank\"><strong>FranceTV \u00c9ducation<\/strong><\/a> propose une s\u00e9lection de programmes phares des diff\u00e9rentes cha\u00eenes<br \/>\ntels que C\u2019est pas sorcier, 1 jour 1 question, Apocalypse la Seconde Guerre mondiale, Sid le petit scientifique<br \/>\net aussi des s\u00e9ries produites sp\u00e9cifiques comme : Les cl\u00e9s des m\u00e9dias, Notre histoire,<br \/>\nPetits contes math\u00e9matiques, Histoire de l&rsquo;art\u2026<\/p>\n","protected":false},"excerpt":{"rendered":"<p>FranceTV \u00c9ducation propose une s\u00e9lection de programmes phares des diff\u00e9rentes cha\u00eenes tels que C\u2019est pas sorcier, 1 jour 1 question, Apocalypse la Seconde Guerre mondiale, Sid le petit scientifique et aussi des s\u00e9ries produites sp\u00e9cifiques comme : Les cl\u00e9s des &hellip; <a href=\"https:\/\/amacg.lyceegutenberg.net\/?p=2900\">Continuer la lecture <span class=\"meta-nav\">&rarr;<\/span><\/a><\/p>\n","protected":false},"author":2,"featured_media":0,"comment_status":"closed","ping_status":"closed","sticky":false,"template":"","format":"standard","meta":{"footnotes":""},"categories":[9],"tags":[],"_links":{"self":[{"href":"https:\/\/amacg.lyceegutenberg.net\/index.php?rest_route=\/wp\/v2\/posts\/2900"}],"collection":[{"href":"https:\/\/amacg.lyceegutenberg.net\/index.php?rest_route=\/wp\/v2\/posts"}],"about":[{"href":"https:\/\/amacg.lyceegutenberg.net\/index.php?rest_route=\/wp\/v2\/types\/post"}],"author":[{"embeddable":true,"href":"https:\/\/amacg.lyceegutenberg.net\/index.php?rest_route=\/wp\/v2\/users\/2"}],"replies":[{"embeddable":true,"href":"https:\/\/amacg.lyceegutenberg.net\/index.php?rest_route=%2Fwp%2Fv2%2Fcomments&post=2900"}],"version-history":[{"count":4,"href":"https:\/\/amacg.lyceegutenberg.net\/index.php?rest_route=\/wp\/v2\/posts\/2900\/revisions"}],"predecessor-version":[{"id":2905,"href":"https:\/\/amacg.lyceegutenberg.net\/index.php?rest_route=\/wp\/v2\/posts\/2900\/revisions\/2905"}],"wp:attachment":[{"href":"https:\/\/amacg.lyceegutenberg.net\/index.php?rest_route=%2Fwp%2Fv2%2Fmedia&parent=2900"}],"wp:term":[{"taxonomy":"category","embeddable":true,"href":"https:\/\/amacg.lyceegutenberg.net\/index.php?rest_route=%2Fwp%2Fv2%2Fcategories&post=2900"},{"taxonomy":"post_tag","embeddable":true,"href":"https:\/\/amacg.lyceegutenberg.net\/index.php?rest_route=%2Fwp%2Fv2%2Ftags&post=2900"}],"curies":[{"name":"wp","href":"https:\/\/api.w.org\/{rel}","templated":true}]}}