{"id":2919,"date":"2017-11-24T12:31:09","date_gmt":"2017-11-24T10:31:09","guid":{"rendered":"http:\/\/amacg.lyceegutenberg.net\/?p=2919"},"modified":"2017-11-24T12:31:09","modified_gmt":"2017-11-24T10:31:09","slug":"naissance-dun-caractere-typographique","status":"publish","type":"post","link":"https:\/\/amacg.lyceegutenberg.net\/?p=2919","title":{"rendered":"naissance d\u2019un caract\u00e8re typographique"},"content":{"rendered":"<p><iframe loading=\"lazy\" src=\"https:\/\/player.vimeo.com\/video\/219526918?app_id=122963\" width=\"584\" height=\"329\" frameborder=\"0\" title=\"CCC OD: Naissance d&rsquo;un caract&egrave;re typographique \/ Birth of a typeface (english subtitles)\" allow=\"autoplay; fullscreen\" allowfullscreen><\/iframe><\/p>\n<p>entrer dans les coulisses du caract\u00e8re cr\u00e9\u00e9 par Andr\u00e9 Baldinger et Toan Vu-Huu<br \/>\npour le Centre de Cr\u00e9ation Contemporaine Olivier Debr\u00e9 \u00e0 Tours<\/p>\n","protected":false},"excerpt":{"rendered":"<p>entrer dans les coulisses du caract\u00e8re cr\u00e9\u00e9 par Andr\u00e9 Baldinger et Toan Vu-Huu pour le Centre de Cr\u00e9ation Contemporaine Olivier Debr\u00e9 \u00e0 Tours<\/p>\n","protected":false},"author":2,"featured_media":0,"comment_status":"closed","ping_status":"closed","sticky":false,"template":"","format":"standard","meta":{"footnotes":""},"categories":[5],"tags":[],"_links":{"self":[{"href":"https:\/\/amacg.lyceegutenberg.net\/index.php?rest_route=\/wp\/v2\/posts\/2919"}],"collection":[{"href":"https:\/\/amacg.lyceegutenberg.net\/index.php?rest_route=\/wp\/v2\/posts"}],"about":[{"href":"https:\/\/amacg.lyceegutenberg.net\/index.php?rest_route=\/wp\/v2\/types\/post"}],"author":[{"embeddable":true,"href":"https:\/\/amacg.lyceegutenberg.net\/index.php?rest_route=\/wp\/v2\/users\/2"}],"replies":[{"embeddable":true,"href":"https:\/\/amacg.lyceegutenberg.net\/index.php?rest_route=%2Fwp%2Fv2%2Fcomments&post=2919"}],"version-history":[{"count":1,"href":"https:\/\/amacg.lyceegutenberg.net\/index.php?rest_route=\/wp\/v2\/posts\/2919\/revisions"}],"predecessor-version":[{"id":2920,"href":"https:\/\/amacg.lyceegutenberg.net\/index.php?rest_route=\/wp\/v2\/posts\/2919\/revisions\/2920"}],"wp:attachment":[{"href":"https:\/\/amacg.lyceegutenberg.net\/index.php?rest_route=%2Fwp%2Fv2%2Fmedia&parent=2919"}],"wp:term":[{"taxonomy":"category","embeddable":true,"href":"https:\/\/amacg.lyceegutenberg.net\/index.php?rest_route=%2Fwp%2Fv2%2Fcategories&post=2919"},{"taxonomy":"post_tag","embeddable":true,"href":"https:\/\/amacg.lyceegutenberg.net\/index.php?rest_route=%2Fwp%2Fv2%2Ftags&post=2919"}],"curies":[{"name":"wp","href":"https:\/\/api.w.org\/{rel}","templated":true}]}}