{"id":2925,"date":"2017-11-30T07:44:30","date_gmt":"2017-11-30T05:44:30","guid":{"rendered":"http:\/\/amacg.lyceegutenberg.net\/?p=2925"},"modified":"2017-11-30T08:10:38","modified_gmt":"2017-11-30T06:10:38","slug":"graphisme-techne","status":"publish","type":"post","link":"https:\/\/amacg.lyceegutenberg.net\/?p=2925","title":{"rendered":"graphisme techn\u00e8"},"content":{"rendered":"<p><a href=\"http:\/\/amacg.lyceegutenberg.net\/wp-content\/uploads\/affiche_graphisme-techne_2017-2018-recto-724x1024.png\"><img decoding=\"async\" loading=\"lazy\" class=\"alignnone wp-image-2926\" src=\"http:\/\/amacg.lyceegutenberg.net\/wp-content\/uploads\/affiche_graphisme-techne_2017-2018-recto-724x1024.png\" alt=\"affiche_graphisme-techne_2017-2018-recto-724x1024\" width=\"354\" height=\"500\" srcset=\"https:\/\/amacg.lyceegutenberg.net\/wp-content\/uploads\/affiche_graphisme-techne_2017-2018-recto-724x1024.png 724w, https:\/\/amacg.lyceegutenberg.net\/wp-content\/uploads\/affiche_graphisme-techne_2017-2018-recto-724x1024-212x300.png 212w\" sizes=\"(max-width: 354px) 100vw, 354px\" \/><\/a><\/p>\n<p><strong>novembre 2017 &gt;&gt;&gt; mai 2018<\/strong><br \/>\nCycle de conf\u00e9rences organis\u00e9 par le master Design de l\u2019Universit\u00e9 de Strasbourg,<br \/>\nles ateliers de Communication graphique et Didactique visuelle<br \/>\nde la Haute \u00e9cole des arts du Rhin (HEAR) et les Mus\u00e9es de la ville de Strasbourg<\/p>\n<p>tout le programme par ici :<br \/>\n<a href=\"http:\/\/www.designgraphiquedesigncritique.fr\/graphisme-techne-2\" target=\"_blank\"><strong>www.designgraphiquedesigncritique.fr<\/strong><\/a><\/p>\n","protected":false},"excerpt":{"rendered":"<p>novembre 2017 &gt;&gt;&gt; mai 2018 Cycle de conf\u00e9rences organis\u00e9 par le master Design de l\u2019Universit\u00e9 de Strasbourg, les ateliers de Communication graphique et Didactique visuelle de la Haute \u00e9cole des arts du Rhin (HEAR) et les Mus\u00e9es de la ville &hellip; <a href=\"https:\/\/amacg.lyceegutenberg.net\/?p=2925\">Continuer la lecture <span class=\"meta-nav\">&rarr;<\/span><\/a><\/p>\n","protected":false},"author":2,"featured_media":0,"comment_status":"closed","ping_status":"closed","sticky":false,"template":"","format":"standard","meta":{"footnotes":""},"categories":[10,11,5],"tags":[],"_links":{"self":[{"href":"https:\/\/amacg.lyceegutenberg.net\/index.php?rest_route=\/wp\/v2\/posts\/2925"}],"collection":[{"href":"https:\/\/amacg.lyceegutenberg.net\/index.php?rest_route=\/wp\/v2\/posts"}],"about":[{"href":"https:\/\/amacg.lyceegutenberg.net\/index.php?rest_route=\/wp\/v2\/types\/post"}],"author":[{"embeddable":true,"href":"https:\/\/amacg.lyceegutenberg.net\/index.php?rest_route=\/wp\/v2\/users\/2"}],"replies":[{"embeddable":true,"href":"https:\/\/amacg.lyceegutenberg.net\/index.php?rest_route=%2Fwp%2Fv2%2Fcomments&post=2925"}],"version-history":[{"count":3,"href":"https:\/\/amacg.lyceegutenberg.net\/index.php?rest_route=\/wp\/v2\/posts\/2925\/revisions"}],"predecessor-version":[{"id":2929,"href":"https:\/\/amacg.lyceegutenberg.net\/index.php?rest_route=\/wp\/v2\/posts\/2925\/revisions\/2929"}],"wp:attachment":[{"href":"https:\/\/amacg.lyceegutenberg.net\/index.php?rest_route=%2Fwp%2Fv2%2Fmedia&parent=2925"}],"wp:term":[{"taxonomy":"category","embeddable":true,"href":"https:\/\/amacg.lyceegutenberg.net\/index.php?rest_route=%2Fwp%2Fv2%2Fcategories&post=2925"},{"taxonomy":"post_tag","embeddable":true,"href":"https:\/\/amacg.lyceegutenberg.net\/index.php?rest_route=%2Fwp%2Fv2%2Ftags&post=2925"}],"curies":[{"name":"wp","href":"https:\/\/api.w.org\/{rel}","templated":true}]}}