{"id":2975,"date":"2018-01-20T10:42:57","date_gmt":"2018-01-20T08:42:57","guid":{"rendered":"http:\/\/amacg.lyceegutenberg.net\/?p=2975"},"modified":"2018-01-20T10:43:21","modified_gmt":"2018-01-20T08:43:21","slug":"je-moriente","status":"publish","type":"post","link":"https:\/\/amacg.lyceegutenberg.net\/?p=2975","title":{"rendered":"je m&rsquo;oriente"},"content":{"rendered":"<p><a href=\"http:\/\/amacg.lyceegutenberg.net\/wp-content\/uploads\/Capture-d\u2019e\u0301cran-2018-01-20-a\u0300-09.40.19.png\"><img decoding=\"async\" loading=\"lazy\" class=\"alignnone wp-image-2976\" src=\"http:\/\/amacg.lyceegutenberg.net\/wp-content\/uploads\/Capture-d\u2019e\u0301cran-2018-01-20-a\u0300-09.40.19.png\" alt=\"Capture d\u2019e\u0301cran 2018-01-20 a\u0300 09.40.19\" width=\"500\" height=\"294\" srcset=\"https:\/\/amacg.lyceegutenberg.net\/wp-content\/uploads\/Capture-d\u2019e\u0301cran-2018-01-20-a\u0300-09.40.19.png 518w, https:\/\/amacg.lyceegutenberg.net\/wp-content\/uploads\/Capture-d\u2019e\u0301cran-2018-01-20-a\u0300-09.40.19-300x176.png 300w\" sizes=\"(max-width: 500px) 100vw, 500px\" \/><\/a><\/p>\n<p>la fondation culture &amp; diversit\u00e9 propose toute une s\u00e9rie de vid\u00e9os<br \/>\nqui pr\u00e9sente entre autres diff\u00e9rentes \u00e9coles d&rsquo;art<\/p>\n<p><a href=\"http:\/\/www.fondationcultureetdiversite.org\/je-moriente\" target=\"_blank\">www.fondationcultureetdiversite.org<\/a><\/p>\n","protected":false},"excerpt":{"rendered":"<p>la fondation culture &amp; diversit\u00e9 propose toute une s\u00e9rie de vid\u00e9os qui pr\u00e9sente entre autres diff\u00e9rentes \u00e9coles d&rsquo;art www.fondationcultureetdiversite.org<\/p>\n","protected":false},"author":2,"featured_media":0,"comment_status":"closed","ping_status":"closed","sticky":false,"template":"","format":"standard","meta":{"footnotes":""},"categories":[1],"tags":[],"_links":{"self":[{"href":"https:\/\/amacg.lyceegutenberg.net\/index.php?rest_route=\/wp\/v2\/posts\/2975"}],"collection":[{"href":"https:\/\/amacg.lyceegutenberg.net\/index.php?rest_route=\/wp\/v2\/posts"}],"about":[{"href":"https:\/\/amacg.lyceegutenberg.net\/index.php?rest_route=\/wp\/v2\/types\/post"}],"author":[{"embeddable":true,"href":"https:\/\/amacg.lyceegutenberg.net\/index.php?rest_route=\/wp\/v2\/users\/2"}],"replies":[{"embeddable":true,"href":"https:\/\/amacg.lyceegutenberg.net\/index.php?rest_route=%2Fwp%2Fv2%2Fcomments&post=2975"}],"version-history":[{"count":2,"href":"https:\/\/amacg.lyceegutenberg.net\/index.php?rest_route=\/wp\/v2\/posts\/2975\/revisions"}],"predecessor-version":[{"id":2978,"href":"https:\/\/amacg.lyceegutenberg.net\/index.php?rest_route=\/wp\/v2\/posts\/2975\/revisions\/2978"}],"wp:attachment":[{"href":"https:\/\/amacg.lyceegutenberg.net\/index.php?rest_route=%2Fwp%2Fv2%2Fmedia&parent=2975"}],"wp:term":[{"taxonomy":"category","embeddable":true,"href":"https:\/\/amacg.lyceegutenberg.net\/index.php?rest_route=%2Fwp%2Fv2%2Fcategories&post=2975"},{"taxonomy":"post_tag","embeddable":true,"href":"https:\/\/amacg.lyceegutenberg.net\/index.php?rest_route=%2Fwp%2Fv2%2Ftags&post=2975"}],"curies":[{"name":"wp","href":"https:\/\/api.w.org\/{rel}","templated":true}]}}