{"id":2979,"date":"2022-01-19T04:58:00","date_gmt":"2022-01-19T02:58:00","guid":{"rendered":"http:\/\/amacg.lyceegutenberg.net\/?p=2979"},"modified":"2022-01-20T07:40:38","modified_gmt":"2022-01-20T05:40:38","slug":"la-region-auvergne-rhone-alpes","status":"publish","type":"post","link":"https:\/\/amacg.lyceegutenberg.net\/?p=2979","title":{"rendered":"identit\u00e9 visuelle de la r\u00e9gion A-R-A"},"content":{"rendered":"<p><a href=\"http:\/\/amacg.lyceegutenberg.net\/wp-content\/uploads\/Capture-d\u2019e\u0301cran-2018-01-23-a\u0300-08.56.25.png\"><img decoding=\"async\" loading=\"lazy\" class=\"alignnone wp-image-2980\" src=\"http:\/\/amacg.lyceegutenberg.net\/wp-content\/uploads\/Capture-d\u2019e\u0301cran-2018-01-23-a\u0300-08.56.25.png\" alt=\"Capture d\u2019e\u0301cran 2018-01-23 a\u0300 08.56.25\" width=\"605\" height=\"364\"><\/a><\/p>\n<p>d\u00e9couvrir par <a href=\"https:\/\/www.grapheine.com\/portfolio\/region-auvergne-rhone-alpes-architecture-de-marque\" target=\"_blank\" rel=\"noopener\"><strong>ici<\/strong><\/a><br \/>\nle logo+papeterie+branding+charte graphique &amp; bien +<br \/>\nde la r\u00e9gion Auvergne-Rh\u00f4ne-Alpes<br \/>\nr\u00e9alis\u00e9 par l&rsquo;agence lyonaise <strong>Graph\u00e9ine<\/strong><\/p>\n","protected":false},"excerpt":{"rendered":"<p>d\u00e9couvrir par ici le logo+papeterie+branding+charte graphique &amp; bien + de la r\u00e9gion Auvergne-Rh\u00f4ne-Alpes r\u00e9alis\u00e9 par l&rsquo;agence lyonaise Graph\u00e9ine<\/p>\n","protected":false},"author":2,"featured_media":0,"comment_status":"closed","ping_status":"closed","sticky":false,"template":"","format":"standard","meta":{"footnotes":""},"categories":[11,18,12],"tags":[],"_links":{"self":[{"href":"https:\/\/amacg.lyceegutenberg.net\/index.php?rest_route=\/wp\/v2\/posts\/2979"}],"collection":[{"href":"https:\/\/amacg.lyceegutenberg.net\/index.php?rest_route=\/wp\/v2\/posts"}],"about":[{"href":"https:\/\/amacg.lyceegutenberg.net\/index.php?rest_route=\/wp\/v2\/types\/post"}],"author":[{"embeddable":true,"href":"https:\/\/amacg.lyceegutenberg.net\/index.php?rest_route=\/wp\/v2\/users\/2"}],"replies":[{"embeddable":true,"href":"https:\/\/amacg.lyceegutenberg.net\/index.php?rest_route=%2Fwp%2Fv2%2Fcomments&post=2979"}],"version-history":[{"count":6,"href":"https:\/\/amacg.lyceegutenberg.net\/index.php?rest_route=\/wp\/v2\/posts\/2979\/revisions"}],"predecessor-version":[{"id":5666,"href":"https:\/\/amacg.lyceegutenberg.net\/index.php?rest_route=\/wp\/v2\/posts\/2979\/revisions\/5666"}],"wp:attachment":[{"href":"https:\/\/amacg.lyceegutenberg.net\/index.php?rest_route=%2Fwp%2Fv2%2Fmedia&parent=2979"}],"wp:term":[{"taxonomy":"category","embeddable":true,"href":"https:\/\/amacg.lyceegutenberg.net\/index.php?rest_route=%2Fwp%2Fv2%2Fcategories&post=2979"},{"taxonomy":"post_tag","embeddable":true,"href":"https:\/\/amacg.lyceegutenberg.net\/index.php?rest_route=%2Fwp%2Fv2%2Ftags&post=2979"}],"curies":[{"name":"wp","href":"https:\/\/api.w.org\/{rel}","templated":true}]}}