{"id":2982,"date":"2018-01-26T12:05:29","date_gmt":"2018-01-26T10:05:29","guid":{"rendered":"http:\/\/amacg.lyceegutenberg.net\/?p=2982"},"modified":"2018-01-26T12:08:08","modified_gmt":"2018-01-26T10:08:08","slug":"bien-ecrire-bien-parler-francais","status":"publish","type":"post","link":"https:\/\/amacg.lyceegutenberg.net\/?p=2982","title":{"rendered":"bien \u00e9crire &#038; bien parler Fran\u00e7ais !"},"content":{"rendered":"<p><a href=\"http:\/\/amacg.lyceegutenberg.net\/wp-content\/uploads\/allite\u0301ration.png\"><img decoding=\"async\" loading=\"lazy\" class=\"alignnone wp-image-2983\" src=\"http:\/\/amacg.lyceegutenberg.net\/wp-content\/uploads\/allite\u0301ration.png\" alt=\"allite\u0301ration\" width=\"500\" height=\"250\" srcset=\"https:\/\/amacg.lyceegutenberg.net\/wp-content\/uploads\/allite\u0301ration.png 1024w, https:\/\/amacg.lyceegutenberg.net\/wp-content\/uploads\/allite\u0301ration-300x150.png 300w\" sizes=\"(max-width: 500px) 100vw, 500px\" \/><\/a><\/p>\n<p>via ce site vous y parviendrez<br \/>\npeut-\u00eatre mieux<br \/>\n<a href=\"https:\/\/www.lalanguefrancaise.com\" target=\"_blank\">www.lalanguefrancaise.com<\/a><\/p>\n<p>et avec la r\u00e9f\u00e9rence livresque :<br \/>\nLE GREVISSE\u00a0 s\u00fbrement aussi<br \/>\n<a href=\"https:\/\/books.google.fr\/books?id=SX0wDQAAQBAJ&amp;printsec=frontcover&amp;dq=le+bon+usage&amp;hl=fr&amp;sa=X&amp;ved=0ahUKEwiPh7CE1sfYAhWhCsAKHQi6CiAQ6AEIJzAA#v=onepage&amp;q=le%20bon%20usage&amp;f=false\" target=\"_blank\">books.google.fr<\/a><\/p>\n<p>faites-en bon usage !<\/p>\n","protected":false},"excerpt":{"rendered":"<p>via ce site vous y parviendrez peut-\u00eatre mieux www.lalanguefrancaise.com et avec la r\u00e9f\u00e9rence livresque : LE GREVISSE\u00a0 s\u00fbrement aussi books.google.fr faites-en bon usage !<\/p>\n","protected":false},"author":2,"featured_media":0,"comment_status":"closed","ping_status":"closed","sticky":false,"template":"","format":"standard","meta":{"footnotes":""},"categories":[9],"tags":[],"_links":{"self":[{"href":"https:\/\/amacg.lyceegutenberg.net\/index.php?rest_route=\/wp\/v2\/posts\/2982"}],"collection":[{"href":"https:\/\/amacg.lyceegutenberg.net\/index.php?rest_route=\/wp\/v2\/posts"}],"about":[{"href":"https:\/\/amacg.lyceegutenberg.net\/index.php?rest_route=\/wp\/v2\/types\/post"}],"author":[{"embeddable":true,"href":"https:\/\/amacg.lyceegutenberg.net\/index.php?rest_route=\/wp\/v2\/users\/2"}],"replies":[{"embeddable":true,"href":"https:\/\/amacg.lyceegutenberg.net\/index.php?rest_route=%2Fwp%2Fv2%2Fcomments&post=2982"}],"version-history":[{"count":3,"href":"https:\/\/amacg.lyceegutenberg.net\/index.php?rest_route=\/wp\/v2\/posts\/2982\/revisions"}],"predecessor-version":[{"id":2986,"href":"https:\/\/amacg.lyceegutenberg.net\/index.php?rest_route=\/wp\/v2\/posts\/2982\/revisions\/2986"}],"wp:attachment":[{"href":"https:\/\/amacg.lyceegutenberg.net\/index.php?rest_route=%2Fwp%2Fv2%2Fmedia&parent=2982"}],"wp:term":[{"taxonomy":"category","embeddable":true,"href":"https:\/\/amacg.lyceegutenberg.net\/index.php?rest_route=%2Fwp%2Fv2%2Fcategories&post=2982"},{"taxonomy":"post_tag","embeddable":true,"href":"https:\/\/amacg.lyceegutenberg.net\/index.php?rest_route=%2Fwp%2Fv2%2Ftags&post=2982"}],"curies":[{"name":"wp","href":"https:\/\/api.w.org\/{rel}","templated":true}]}}