{"id":3145,"date":"2018-06-08T06:55:44","date_gmt":"2018-06-08T04:55:44","guid":{"rendered":"http:\/\/amacg.lyceegutenberg.net\/?p=3145"},"modified":"2018-06-08T06:55:44","modified_gmt":"2018-06-08T04:55:44","slug":"reconnaissez-vous-ce-m","status":"publish","type":"post","link":"https:\/\/amacg.lyceegutenberg.net\/?p=3145","title":{"rendered":"[re]connaissez-vous ce M !?"},"content":{"rendered":"<p><a href=\"http:\/\/amacg.lyceegutenberg.net\/wp-content\/uploads\/f6d507e_18742-19jfhba.23gb.jpg\"><img decoding=\"async\" loading=\"lazy\" class=\"alignnone wp-image-3150\" src=\"http:\/\/amacg.lyceegutenberg.net\/wp-content\/uploads\/f6d507e_18742-19jfhba.23gb.jpg\" alt=\"f6d507e_18742-19jfhba.23gb\" width=\"500\" height=\"250\" srcset=\"https:\/\/amacg.lyceegutenberg.net\/wp-content\/uploads\/f6d507e_18742-19jfhba.23gb.jpg 534w, https:\/\/amacg.lyceegutenberg.net\/wp-content\/uploads\/f6d507e_18742-19jfhba.23gb-300x150.jpg 300w\" sizes=\"(max-width: 500px) 100vw, 500px\" \/><\/a><\/p>\n<p>il s&rsquo;agit bien de celui du logo de <a href=\"https:\/\/www.lemonde.fr\" target=\"_blank\">\u00ab\u00a0Le Monde\u00a0\u00bb<\/a><br \/>\ndont la charte graphique a \u00e9t\u00e9 revisit\u00e9e en vid\u00e9o :<br \/>\n<a href=\"https:\/\/www.lemonde.fr\/la-fabrique-du-monde\/article\/2018\/06\/07\/comment-le-monde-a-retravaille-sa-charte-graphique-en-video_5311182_5019940.html\" target=\"_blank\"><strong>www.lemonde.fr\/la-fabrique-du-monde<\/strong><\/a><\/p>\n","protected":false},"excerpt":{"rendered":"<p>il s&rsquo;agit bien de celui du logo de \u00ab\u00a0Le Monde\u00a0\u00bb dont la charte graphique a \u00e9t\u00e9 revisit\u00e9e en vid\u00e9o : www.lemonde.fr\/la-fabrique-du-monde<\/p>\n","protected":false},"author":2,"featured_media":0,"comment_status":"closed","ping_status":"closed","sticky":false,"template":"","format":"standard","meta":{"footnotes":""},"categories":[22,18,5],"tags":[],"_links":{"self":[{"href":"https:\/\/amacg.lyceegutenberg.net\/index.php?rest_route=\/wp\/v2\/posts\/3145"}],"collection":[{"href":"https:\/\/amacg.lyceegutenberg.net\/index.php?rest_route=\/wp\/v2\/posts"}],"about":[{"href":"https:\/\/amacg.lyceegutenberg.net\/index.php?rest_route=\/wp\/v2\/types\/post"}],"author":[{"embeddable":true,"href":"https:\/\/amacg.lyceegutenberg.net\/index.php?rest_route=\/wp\/v2\/users\/2"}],"replies":[{"embeddable":true,"href":"https:\/\/amacg.lyceegutenberg.net\/index.php?rest_route=%2Fwp%2Fv2%2Fcomments&post=3145"}],"version-history":[{"count":5,"href":"https:\/\/amacg.lyceegutenberg.net\/index.php?rest_route=\/wp\/v2\/posts\/3145\/revisions"}],"predecessor-version":[{"id":3151,"href":"https:\/\/amacg.lyceegutenberg.net\/index.php?rest_route=\/wp\/v2\/posts\/3145\/revisions\/3151"}],"wp:attachment":[{"href":"https:\/\/amacg.lyceegutenberg.net\/index.php?rest_route=%2Fwp%2Fv2%2Fmedia&parent=3145"}],"wp:term":[{"taxonomy":"category","embeddable":true,"href":"https:\/\/amacg.lyceegutenberg.net\/index.php?rest_route=%2Fwp%2Fv2%2Fcategories&post=3145"},{"taxonomy":"post_tag","embeddable":true,"href":"https:\/\/amacg.lyceegutenberg.net\/index.php?rest_route=%2Fwp%2Fv2%2Ftags&post=3145"}],"curies":[{"name":"wp","href":"https:\/\/api.w.org\/{rel}","templated":true}]}}