{"id":3152,"date":"2018-06-08T09:19:53","date_gmt":"2018-06-08T07:19:53","guid":{"rendered":"http:\/\/amacg.lyceegutenberg.net\/?p=3152"},"modified":"2018-06-08T09:19:53","modified_gmt":"2018-06-08T07:19:53","slug":"argumentez-moi","status":"publish","type":"post","link":"https:\/\/amacg.lyceegutenberg.net\/?p=3152","title":{"rendered":"argumentez-moi !"},"content":{"rendered":"<p><a href=\"http:\/\/amacg.lyceegutenberg.net\/wp-content\/uploads\/Itw-affiche-2018_seve-illustration-article.jpg\"><img decoding=\"async\" loading=\"lazy\" class=\"alignnone wp-image-3153\" src=\"http:\/\/amacg.lyceegutenberg.net\/wp-content\/uploads\/Itw-affiche-2018_seve-illustration-article.jpg\" alt=\"Itw-affiche-2018_seve-illustration-article\" width=\"500\" height=\"281\" srcset=\"https:\/\/amacg.lyceegutenberg.net\/wp-content\/uploads\/Itw-affiche-2018_seve-illustration-article.jpg 720w, https:\/\/amacg.lyceegutenberg.net\/wp-content\/uploads\/Itw-affiche-2018_seve-illustration-article-300x168.jpg 300w\" sizes=\"(max-width: 500px) 100vw, 500px\" \/><\/a><br \/>\nqqs lignes \u00e0 lire \u00e0 propos du studio <a href=\"http:\/\/stereo-buro.com\/\" target=\"_blank\"><strong>St\u00e9r\u00e9o Buro<\/strong><\/a><br \/>\nqui a con\u00e7u l&rsquo;identit\u00e9 visuelle de cet \u00e9v\u00e9nement annuel :<br \/>\n<a href=\"https:\/\/fetedelamusique.culturecommunication.gouv.fr\/Actualites\/Revenir-a-l-essence-d-une-affiche-grand-public-qui-annonce-un-evenement-populaire\" target=\"_blank\">fetedelamusique.culturecommunication.gouv.fr<\/a><\/p>\n<p>(attention chers TCV cette ann\u00e9e au lendemain du 21 juin<br \/>\nil vous reste une sacr\u00e9e \u00e9preuve\u2026 !)<\/p>\n","protected":false},"excerpt":{"rendered":"<p>qqs lignes \u00e0 lire \u00e0 propos du studio St\u00e9r\u00e9o Buro qui a con\u00e7u l&rsquo;identit\u00e9 visuelle de cet \u00e9v\u00e9nement annuel : fetedelamusique.culturecommunication.gouv.fr (attention chers TCV cette ann\u00e9e au lendemain du 21 juin il vous reste une sacr\u00e9e \u00e9preuve\u2026 !)<\/p>\n","protected":false},"author":2,"featured_media":0,"comment_status":"closed","ping_status":"closed","sticky":false,"template":"","format":"standard","meta":{"footnotes":""},"categories":[10,9],"tags":[],"_links":{"self":[{"href":"https:\/\/amacg.lyceegutenberg.net\/index.php?rest_route=\/wp\/v2\/posts\/3152"}],"collection":[{"href":"https:\/\/amacg.lyceegutenberg.net\/index.php?rest_route=\/wp\/v2\/posts"}],"about":[{"href":"https:\/\/amacg.lyceegutenberg.net\/index.php?rest_route=\/wp\/v2\/types\/post"}],"author":[{"embeddable":true,"href":"https:\/\/amacg.lyceegutenberg.net\/index.php?rest_route=\/wp\/v2\/users\/2"}],"replies":[{"embeddable":true,"href":"https:\/\/amacg.lyceegutenberg.net\/index.php?rest_route=%2Fwp%2Fv2%2Fcomments&post=3152"}],"version-history":[{"count":1,"href":"https:\/\/amacg.lyceegutenberg.net\/index.php?rest_route=\/wp\/v2\/posts\/3152\/revisions"}],"predecessor-version":[{"id":3154,"href":"https:\/\/amacg.lyceegutenberg.net\/index.php?rest_route=\/wp\/v2\/posts\/3152\/revisions\/3154"}],"wp:attachment":[{"href":"https:\/\/amacg.lyceegutenberg.net\/index.php?rest_route=%2Fwp%2Fv2%2Fmedia&parent=3152"}],"wp:term":[{"taxonomy":"category","embeddable":true,"href":"https:\/\/amacg.lyceegutenberg.net\/index.php?rest_route=%2Fwp%2Fv2%2Fcategories&post=3152"},{"taxonomy":"post_tag","embeddable":true,"href":"https:\/\/amacg.lyceegutenberg.net\/index.php?rest_route=%2Fwp%2Fv2%2Ftags&post=3152"}],"curies":[{"name":"wp","href":"https:\/\/api.w.org\/{rel}","templated":true}]}}