{"id":3171,"date":"2018-06-14T06:59:39","date_gmt":"2018-06-14T04:59:39","guid":{"rendered":"http:\/\/amacg.lyceegutenberg.net\/?p=3171"},"modified":"2018-06-14T07:01:09","modified_gmt":"2018-06-14T05:01:09","slug":"graphisme-en-france-2018","status":"publish","type":"post","link":"https:\/\/amacg.lyceegutenberg.net\/?p=3171","title":{"rendered":"Graphisme en France 2018"},"content":{"rendered":"<p><a href=\"http:\/\/amacg.lyceegutenberg.net\/wp-content\/uploads\/genf_image_lancement-1.jpg\"><img decoding=\"async\" loading=\"lazy\" class=\"alignnone wp-image-3172\" src=\"http:\/\/amacg.lyceegutenberg.net\/wp-content\/uploads\/genf_image_lancement-1.jpg\" alt=\"genf_image_lancement-1\" width=\"354\" height=\"500\" srcset=\"https:\/\/amacg.lyceegutenberg.net\/wp-content\/uploads\/genf_image_lancement-1.jpg 1992w, https:\/\/amacg.lyceegutenberg.net\/wp-content\/uploads\/genf_image_lancement-1-212x300.jpg 212w, https:\/\/amacg.lyceegutenberg.net\/wp-content\/uploads\/genf_image_lancement-1-725x1024.jpg 725w\" sizes=\"(max-width: 354px) 100vw, 354px\" \/><\/a><\/p>\n<p><strong>Graphisme en France<\/strong> est une publication annuelle du Centre national des arts plastiques<br \/>\n\u00e9dit\u00e9e \u00e0 10 000 exemplaires disponibles gratuitement dans le r\u00e9seau culturel fran\u00e7ais<br \/>\n&amp; t\u00e9l\u00e9chargeable en ligne sur <strong><a href=\"http:\/\/www.cnap.graphismeenfrance.fr\/livre\/graphisme-france-ndeg24-exposer-design-graphique-2018\" target=\"_blank\">www.cnap.graphismeenfrance.fr<\/a> <\/strong><\/p>\n","protected":false},"excerpt":{"rendered":"<p>Graphisme en France est une publication annuelle du Centre national des arts plastiques \u00e9dit\u00e9e \u00e0 10 000 exemplaires disponibles gratuitement dans le r\u00e9seau culturel fran\u00e7ais &amp; t\u00e9l\u00e9chargeable en ligne sur www.cnap.graphismeenfrance.fr<\/p>\n","protected":false},"author":2,"featured_media":0,"comment_status":"closed","ping_status":"closed","sticky":false,"template":"","format":"standard","meta":{"footnotes":""},"categories":[12,9,5],"tags":[],"_links":{"self":[{"href":"https:\/\/amacg.lyceegutenberg.net\/index.php?rest_route=\/wp\/v2\/posts\/3171"}],"collection":[{"href":"https:\/\/amacg.lyceegutenberg.net\/index.php?rest_route=\/wp\/v2\/posts"}],"about":[{"href":"https:\/\/amacg.lyceegutenberg.net\/index.php?rest_route=\/wp\/v2\/types\/post"}],"author":[{"embeddable":true,"href":"https:\/\/amacg.lyceegutenberg.net\/index.php?rest_route=\/wp\/v2\/users\/2"}],"replies":[{"embeddable":true,"href":"https:\/\/amacg.lyceegutenberg.net\/index.php?rest_route=%2Fwp%2Fv2%2Fcomments&post=3171"}],"version-history":[{"count":4,"href":"https:\/\/amacg.lyceegutenberg.net\/index.php?rest_route=\/wp\/v2\/posts\/3171\/revisions"}],"predecessor-version":[{"id":3176,"href":"https:\/\/amacg.lyceegutenberg.net\/index.php?rest_route=\/wp\/v2\/posts\/3171\/revisions\/3176"}],"wp:attachment":[{"href":"https:\/\/amacg.lyceegutenberg.net\/index.php?rest_route=%2Fwp%2Fv2%2Fmedia&parent=3171"}],"wp:term":[{"taxonomy":"category","embeddable":true,"href":"https:\/\/amacg.lyceegutenberg.net\/index.php?rest_route=%2Fwp%2Fv2%2Fcategories&post=3171"},{"taxonomy":"post_tag","embeddable":true,"href":"https:\/\/amacg.lyceegutenberg.net\/index.php?rest_route=%2Fwp%2Fv2%2Ftags&post=3171"}],"curies":[{"name":"wp","href":"https:\/\/api.w.org\/{rel}","templated":true}]}}