{"id":3191,"date":"2018-09-05T20:42:13","date_gmt":"2018-09-05T18:42:13","guid":{"rendered":"http:\/\/amacg.lyceegutenberg.net\/?p=3191"},"modified":"2018-09-05T20:44:56","modified_gmt":"2018-09-05T18:44:56","slug":"strasculture-2018","status":"publish","type":"post","link":"https:\/\/amacg.lyceegutenberg.net\/?p=3191","title":{"rendered":"Strasculture 2018"},"content":{"rendered":"<p><a href=\"http:\/\/amacg.lyceegutenberg.net\/wp-content\/uploads\/image_61130.jpg\"><img decoding=\"async\" loading=\"lazy\" class=\"alignnone wp-image-3192\" src=\"http:\/\/amacg.lyceegutenberg.net\/wp-content\/uploads\/image_61130.jpg\" alt=\"\" width=\"500\" height=\"281\" srcset=\"https:\/\/amacg.lyceegutenberg.net\/wp-content\/uploads\/image_61130.jpg 600w, https:\/\/amacg.lyceegutenberg.net\/wp-content\/uploads\/image_61130-300x169.jpg 300w\" sizes=\"(max-width: 500px) 100vw, 500px\" \/><\/a><\/p>\n<p>samedi 8 septembre la culture fait sa rentr\u00e9e<br \/>\nplace Kl\u00e9ber \u00e0 Strasbourg de 10h \u00e0 19h<\/p>\n<p>de nombreuses structures de th\u00e9\u00e2tre, art visuel, musique, danse, cirque\u2026<br \/>\ns&rsquo;y pr\u00e9sentent &amp; surtout distribuent des \u00ab\u00a0objets\u00a0\u00bb imprim\u00e9s !<\/p>\n","protected":false},"excerpt":{"rendered":"<p>samedi 8 septembre la culture fait sa rentr\u00e9e place Kl\u00e9ber \u00e0 Strasbourg de 10h \u00e0 19h de nombreuses structures de th\u00e9\u00e2tre, art visuel, musique, danse, cirque\u2026 s&rsquo;y pr\u00e9sentent &amp; surtout distribuent des \u00ab\u00a0objets\u00a0\u00bb imprim\u00e9s !<\/p>\n","protected":false},"author":2,"featured_media":0,"comment_status":"closed","ping_status":"closed","sticky":false,"template":"","format":"standard","meta":{"footnotes":""},"categories":[10],"tags":[],"_links":{"self":[{"href":"https:\/\/amacg.lyceegutenberg.net\/index.php?rest_route=\/wp\/v2\/posts\/3191"}],"collection":[{"href":"https:\/\/amacg.lyceegutenberg.net\/index.php?rest_route=\/wp\/v2\/posts"}],"about":[{"href":"https:\/\/amacg.lyceegutenberg.net\/index.php?rest_route=\/wp\/v2\/types\/post"}],"author":[{"embeddable":true,"href":"https:\/\/amacg.lyceegutenberg.net\/index.php?rest_route=\/wp\/v2\/users\/2"}],"replies":[{"embeddable":true,"href":"https:\/\/amacg.lyceegutenberg.net\/index.php?rest_route=%2Fwp%2Fv2%2Fcomments&post=3191"}],"version-history":[{"count":3,"href":"https:\/\/amacg.lyceegutenberg.net\/index.php?rest_route=\/wp\/v2\/posts\/3191\/revisions"}],"predecessor-version":[{"id":3195,"href":"https:\/\/amacg.lyceegutenberg.net\/index.php?rest_route=\/wp\/v2\/posts\/3191\/revisions\/3195"}],"wp:attachment":[{"href":"https:\/\/amacg.lyceegutenberg.net\/index.php?rest_route=%2Fwp%2Fv2%2Fmedia&parent=3191"}],"wp:term":[{"taxonomy":"category","embeddable":true,"href":"https:\/\/amacg.lyceegutenberg.net\/index.php?rest_route=%2Fwp%2Fv2%2Fcategories&post=3191"},{"taxonomy":"post_tag","embeddable":true,"href":"https:\/\/amacg.lyceegutenberg.net\/index.php?rest_route=%2Fwp%2Fv2%2Ftags&post=3191"}],"curies":[{"name":"wp","href":"https:\/\/api.w.org\/{rel}","templated":true}]}}