{"id":3196,"date":"2018-09-05T20:53:41","date_gmt":"2018-09-05T18:53:41","guid":{"rendered":"http:\/\/amacg.lyceegutenberg.net\/?p=3196"},"modified":"2018-09-05T20:53:41","modified_gmt":"2018-09-05T18:53:41","slug":"jep2018","status":"publish","type":"post","link":"https:\/\/amacg.lyceegutenberg.net\/?p=3196","title":{"rendered":"#JEP2018"},"content":{"rendered":"<p><a href=\"http:\/\/amacg.lyceegutenberg.net\/wp-content\/uploads\/JEP-2018.jpg\"><img decoding=\"async\" loading=\"lazy\" class=\"alignnone wp-image-3197\" src=\"http:\/\/amacg.lyceegutenberg.net\/wp-content\/uploads\/JEP-2018.jpg\" alt=\"\" width=\"500\" height=\"328\" srcset=\"https:\/\/amacg.lyceegutenberg.net\/wp-content\/uploads\/JEP-2018.jpg 1024w, https:\/\/amacg.lyceegutenberg.net\/wp-content\/uploads\/JEP-2018-300x197.jpg 300w, https:\/\/amacg.lyceegutenberg.net\/wp-content\/uploads\/JEP-2018-768x503.jpg 768w\" sizes=\"(max-width: 500px) 100vw, 500px\" \/><\/a><\/p>\n<p class=\"intro\">le WE du 15+16 septembre<\/p>\n<p>des monuments jusqu\u2019aux arts&#8230;<br \/>\nchaque ann\u00e9e de nombreux lieux d\u00e9voilent leur tr\u00e9sor<br \/>\n\u00e0 travers de multiples manifestations<\/p>\n<p>l\u2019occasion de [re]d\u00e9couvrir la richesse historique et culturelle partout en France<br \/>\nchez nous en Alsace pas seulement \u00e0 Mulhouse, S\u00e9lestat, Strasbourg ou Colmar<br \/>\nmais aussi dans de nombreux petits villages<\/p>\n<p>ayez l&rsquo;\u0153il &amp; trouvez le programme !<br \/>\nou rendez vous sur : <a href=\"https:\/\/journeesdupatrimoine.culture.gouv.fr\/\" target=\"_blank\" rel=\"noopener\"><strong>www.journeesdupatrimoine.fr<\/strong><\/a><\/p>\n","protected":false},"excerpt":{"rendered":"<p>le WE du 15+16 septembre des monuments jusqu\u2019aux arts&#8230; chaque ann\u00e9e de nombreux lieux d\u00e9voilent leur tr\u00e9sor \u00e0 travers de multiples manifestations l\u2019occasion de [re]d\u00e9couvrir la richesse historique et culturelle partout en France chez nous en Alsace pas seulement \u00e0 &hellip; <a href=\"https:\/\/amacg.lyceegutenberg.net\/?p=3196\">Continuer la lecture <span class=\"meta-nav\">&rarr;<\/span><\/a><\/p>\n","protected":false},"author":2,"featured_media":0,"comment_status":"closed","ping_status":"closed","sticky":false,"template":"","format":"standard","meta":{"footnotes":""},"categories":[10],"tags":[],"_links":{"self":[{"href":"https:\/\/amacg.lyceegutenberg.net\/index.php?rest_route=\/wp\/v2\/posts\/3196"}],"collection":[{"href":"https:\/\/amacg.lyceegutenberg.net\/index.php?rest_route=\/wp\/v2\/posts"}],"about":[{"href":"https:\/\/amacg.lyceegutenberg.net\/index.php?rest_route=\/wp\/v2\/types\/post"}],"author":[{"embeddable":true,"href":"https:\/\/amacg.lyceegutenberg.net\/index.php?rest_route=\/wp\/v2\/users\/2"}],"replies":[{"embeddable":true,"href":"https:\/\/amacg.lyceegutenberg.net\/index.php?rest_route=%2Fwp%2Fv2%2Fcomments&post=3196"}],"version-history":[{"count":1,"href":"https:\/\/amacg.lyceegutenberg.net\/index.php?rest_route=\/wp\/v2\/posts\/3196\/revisions"}],"predecessor-version":[{"id":3198,"href":"https:\/\/amacg.lyceegutenberg.net\/index.php?rest_route=\/wp\/v2\/posts\/3196\/revisions\/3198"}],"wp:attachment":[{"href":"https:\/\/amacg.lyceegutenberg.net\/index.php?rest_route=%2Fwp%2Fv2%2Fmedia&parent=3196"}],"wp:term":[{"taxonomy":"category","embeddable":true,"href":"https:\/\/amacg.lyceegutenberg.net\/index.php?rest_route=%2Fwp%2Fv2%2Fcategories&post=3196"},{"taxonomy":"post_tag","embeddable":true,"href":"https:\/\/amacg.lyceegutenberg.net\/index.php?rest_route=%2Fwp%2Fv2%2Ftags&post=3196"}],"curies":[{"name":"wp","href":"https:\/\/api.w.org\/{rel}","templated":true}]}}