{"id":3199,"date":"2018-09-05T21:04:37","date_gmt":"2018-09-05T19:04:37","guid":{"rendered":"http:\/\/amacg.lyceegutenberg.net\/?p=3199"},"modified":"2018-09-05T21:04:37","modified_gmt":"2018-09-05T19:04:37","slug":"lettering-5","status":"publish","type":"post","link":"https:\/\/amacg.lyceegutenberg.net\/?p=3199","title":{"rendered":"lettering"},"content":{"rendered":"<p><a href=\"http:\/\/amacg.lyceegutenberg.net\/wp-content\/uploads\/9782212675139_h430.jpg\"><img decoding=\"async\" loading=\"lazy\" class=\"alignnone wp-image-3200 size-full\" src=\"http:\/\/amacg.lyceegutenberg.net\/wp-content\/uploads\/9782212675139_h430.jpg\" alt=\"\" width=\"364\" height=\"430\" srcset=\"https:\/\/amacg.lyceegutenberg.net\/wp-content\/uploads\/9782212675139_h430.jpg 364w, https:\/\/amacg.lyceegutenberg.net\/wp-content\/uploads\/9782212675139_h430-254x300.jpg 254w\" sizes=\"(max-width: 364px) 100vw, 364px\" \/><\/a><\/p>\n<p>je vous recommande de jeter un \u0153il en librairie<br \/>\n&amp; peut-\u00eatre bient\u00f4t en notre CDI [ ? ]<br \/>\ndans ce livre \u00e9crit &amp; mis en page par un haut-rhinois :<br \/>\n<a href=\"http:\/\/www.fran6art.com\/a-propos\/\" target=\"_blank\" rel=\"noopener\"><strong>Francis Chouquet<\/strong><\/a> qui se dit lettreur<\/p>\n<p>&amp; voici une <a href=\"https:\/\/www.youtube.com\/watch?v=2COhABUOUBI\" target=\"_blank\" rel=\"noopener\"><strong>vid\u00e9o<\/strong><\/a> o\u00f9 il se pr\u00e9sente<\/p>\n","protected":false},"excerpt":{"rendered":"<p>je vous recommande de jeter un \u0153il en librairie &amp; peut-\u00eatre bient\u00f4t en notre CDI [ ? ] dans ce livre \u00e9crit &amp; mis en page par un haut-rhinois : Francis Chouquet qui se dit lettreur &amp; voici une vid\u00e9o &hellip; <a href=\"https:\/\/amacg.lyceegutenberg.net\/?p=3199\">Continuer la lecture <span class=\"meta-nav\">&rarr;<\/span><\/a><\/p>\n","protected":false},"author":2,"featured_media":0,"comment_status":"closed","ping_status":"closed","sticky":false,"template":"","format":"standard","meta":{"footnotes":""},"categories":[12,9,5],"tags":[],"_links":{"self":[{"href":"https:\/\/amacg.lyceegutenberg.net\/index.php?rest_route=\/wp\/v2\/posts\/3199"}],"collection":[{"href":"https:\/\/amacg.lyceegutenberg.net\/index.php?rest_route=\/wp\/v2\/posts"}],"about":[{"href":"https:\/\/amacg.lyceegutenberg.net\/index.php?rest_route=\/wp\/v2\/types\/post"}],"author":[{"embeddable":true,"href":"https:\/\/amacg.lyceegutenberg.net\/index.php?rest_route=\/wp\/v2\/users\/2"}],"replies":[{"embeddable":true,"href":"https:\/\/amacg.lyceegutenberg.net\/index.php?rest_route=%2Fwp%2Fv2%2Fcomments&post=3199"}],"version-history":[{"count":1,"href":"https:\/\/amacg.lyceegutenberg.net\/index.php?rest_route=\/wp\/v2\/posts\/3199\/revisions"}],"predecessor-version":[{"id":3201,"href":"https:\/\/amacg.lyceegutenberg.net\/index.php?rest_route=\/wp\/v2\/posts\/3199\/revisions\/3201"}],"wp:attachment":[{"href":"https:\/\/amacg.lyceegutenberg.net\/index.php?rest_route=%2Fwp%2Fv2%2Fmedia&parent=3199"}],"wp:term":[{"taxonomy":"category","embeddable":true,"href":"https:\/\/amacg.lyceegutenberg.net\/index.php?rest_route=%2Fwp%2Fv2%2Fcategories&post=3199"},{"taxonomy":"post_tag","embeddable":true,"href":"https:\/\/amacg.lyceegutenberg.net\/index.php?rest_route=%2Fwp%2Fv2%2Ftags&post=3199"}],"curies":[{"name":"wp","href":"https:\/\/api.w.org\/{rel}","templated":true}]}}