{"id":3265,"date":"2018-11-01T10:29:23","date_gmt":"2018-11-01T08:29:23","guid":{"rendered":"http:\/\/amacg.lyceegutenberg.net\/?p=3265"},"modified":"2018-11-01T10:29:36","modified_gmt":"2018-11-01T08:29:36","slug":"tout-en-couleur","status":"publish","type":"post","link":"https:\/\/amacg.lyceegutenberg.net\/?p=3265","title":{"rendered":"tout en couleur"},"content":{"rendered":"<p><a href=\"http:\/\/amacg.lyceegutenberg.net\/wp-content\/uploads\/Capture-d\u2019e\u0301cran-2018-11-01-a\u0300-09.26.08.png\"><img decoding=\"async\" loading=\"lazy\" class=\"alignnone wp-image-3266\" src=\"http:\/\/amacg.lyceegutenberg.net\/wp-content\/uploads\/Capture-d\u2019e\u0301cran-2018-11-01-a\u0300-09.26.08.png\" alt=\"\" width=\"500\" height=\"279\" srcset=\"https:\/\/amacg.lyceegutenberg.net\/wp-content\/uploads\/Capture-d\u2019e\u0301cran-2018-11-01-a\u0300-09.26.08.png 1240w, https:\/\/amacg.lyceegutenberg.net\/wp-content\/uploads\/Capture-d\u2019e\u0301cran-2018-11-01-a\u0300-09.26.08-300x168.png 300w, https:\/\/amacg.lyceegutenberg.net\/wp-content\/uploads\/Capture-d\u2019e\u0301cran-2018-11-01-a\u0300-09.26.08-768x429.png 768w, https:\/\/amacg.lyceegutenberg.net\/wp-content\/uploads\/Capture-d\u2019e\u0301cran-2018-11-01-a\u0300-09.26.08-1024x572.png 1024w\" sizes=\"(max-width: 500px) 100vw, 500px\" \/><\/a><\/p>\n<p><a href=\"https:\/\/www.c82.net\/werner\/\" target=\"_blank\" rel=\"noopener\">www.c82.net<\/a><br \/>\nle dire en couleur via la transposition num\u00e9rique<br \/>\nde la nomenclature des couleurs de Werner<br \/>\nprojet d\u00e9velopp\u00e9 par Nicholas Rougeux<\/p>\n","protected":false},"excerpt":{"rendered":"<p>www.c82.net le dire en couleur via la transposition num\u00e9rique de la nomenclature des couleurs de Werner projet d\u00e9velopp\u00e9 par Nicholas Rougeux<\/p>\n","protected":false},"author":2,"featured_media":0,"comment_status":"closed","ping_status":"closed","sticky":false,"template":"","format":"standard","meta":{"footnotes":""},"categories":[31,9],"tags":[],"_links":{"self":[{"href":"https:\/\/amacg.lyceegutenberg.net\/index.php?rest_route=\/wp\/v2\/posts\/3265"}],"collection":[{"href":"https:\/\/amacg.lyceegutenberg.net\/index.php?rest_route=\/wp\/v2\/posts"}],"about":[{"href":"https:\/\/amacg.lyceegutenberg.net\/index.php?rest_route=\/wp\/v2\/types\/post"}],"author":[{"embeddable":true,"href":"https:\/\/amacg.lyceegutenberg.net\/index.php?rest_route=\/wp\/v2\/users\/2"}],"replies":[{"embeddable":true,"href":"https:\/\/amacg.lyceegutenberg.net\/index.php?rest_route=%2Fwp%2Fv2%2Fcomments&post=3265"}],"version-history":[{"count":2,"href":"https:\/\/amacg.lyceegutenberg.net\/index.php?rest_route=\/wp\/v2\/posts\/3265\/revisions"}],"predecessor-version":[{"id":3268,"href":"https:\/\/amacg.lyceegutenberg.net\/index.php?rest_route=\/wp\/v2\/posts\/3265\/revisions\/3268"}],"wp:attachment":[{"href":"https:\/\/amacg.lyceegutenberg.net\/index.php?rest_route=%2Fwp%2Fv2%2Fmedia&parent=3265"}],"wp:term":[{"taxonomy":"category","embeddable":true,"href":"https:\/\/amacg.lyceegutenberg.net\/index.php?rest_route=%2Fwp%2Fv2%2Fcategories&post=3265"},{"taxonomy":"post_tag","embeddable":true,"href":"https:\/\/amacg.lyceegutenberg.net\/index.php?rest_route=%2Fwp%2Fv2%2Ftags&post=3265"}],"curies":[{"name":"wp","href":"https:\/\/api.w.org\/{rel}","templated":true}]}}