{"id":3276,"date":"2018-11-10T12:57:27","date_gmt":"2018-11-10T10:57:27","guid":{"rendered":"http:\/\/amacg.lyceegutenberg.net\/?p=3276"},"modified":"2018-11-10T12:59:14","modified_gmt":"2018-11-10T10:59:14","slug":"entrez-dans-la-danse","status":"publish","type":"post","link":"https:\/\/amacg.lyceegutenberg.net\/?p=3276","title":{"rendered":"entrez dans la danse !"},"content":{"rendered":"<p><a href=\"http:\/\/amacg.lyceegutenberg.net\/wp-content\/uploads\/bandeau_eve_we1525.jpg\"><img decoding=\"async\" loading=\"lazy\" class=\"alignnone wp-image-3277\" src=\"http:\/\/amacg.lyceegutenberg.net\/wp-content\/uploads\/bandeau_eve_we1525.jpg\" alt=\"\" width=\"500\" height=\"332\" srcset=\"https:\/\/amacg.lyceegutenberg.net\/wp-content\/uploads\/bandeau_eve_we1525.jpg 2048w, https:\/\/amacg.lyceegutenberg.net\/wp-content\/uploads\/bandeau_eve_we1525-300x199.jpg 300w, https:\/\/amacg.lyceegutenberg.net\/wp-content\/uploads\/bandeau_eve_we1525-768x510.jpg 768w, https:\/\/amacg.lyceegutenberg.net\/wp-content\/uploads\/bandeau_eve_we1525-1024x680.jpg 1024w\" sizes=\"(max-width: 500px) 100vw, 500px\" \/><\/a><\/p>\n<p>les mus\u00e9es de la place du Ch\u00e2teau de Strasbourg<br \/>\nproposent 2 journ\u00e9es d\u00e9di\u00e9es aux 15-25 ans autour de l\u2019exposition<br \/>\n\u00ab 1518, la fi\u00e8vre de la danse \u00bb et de leurs collections<br \/>\nles 17 au 18 novembre 2018<\/p>\n<p>tout le programme par ici : <a href=\"https:\/\/www.musees.strasbourg.eu\/evenement-des-musees-de-strasbourg\/-\/entity\/id\/3122432?_eu_strasbourg_portlet_entity_detail_EntityDetailPortlet_returnURL=https%3A%2F%2Fwww.musees.strasbourg.eu%2Fagenda-expositions-musees-strasbourg%3Fp_p_id%3Deu_strasbourg_portlet_search_asset_SearchAssetPortlet%26p_p_lifecycle%3D0%26p_p_state%3Dnormal%26p_p_mode%3Dview%26_eu_strasbourg_portlet_search_asset_SearchAssetPortlet_fromDay%3D9%26_eu_strasbourg_portlet_search_asset_SearchAssetPortlet_toYear%3D2019%26_eu_strasbourg_portlet_search_asset_SearchAssetPortlet_cur%3D2%26_eu_strasbourg_portlet_search_asset_SearchAssetPortlet_keywords%3D%26_eu_strasbourg_portlet_search_asset_SearchAssetPortlet_orderByCol%3Ddates_Number_sortable%26_eu_strasbourg_portlet_search_asset_SearchAssetPortlet_vocabulariesCount%3D0%26_eu_strasbourg_portlet_search_asset_SearchAssetPortlet_toMonth%3D1%26_eu_strasbourg_portlet_search_asset_SearchAssetPortlet_delta%3D12%26_eu_strasbourg_portlet_search_asset_SearchAssetPortlet_paginate%3Dtrue%26_eu_strasbourg_portlet_search_asset_SearchAssetPortlet_className%3Deu.strasbourg.service.agenda.model.Event%26_eu_strasbourg_portlet_search_asset_SearchAssetPortlet_className%3Deu.strasbourg.service.agenda.model.Manifestation%26_eu_strasbourg_portlet_search_asset_SearchAssetPortlet_resetCur%3Dfalse%26_eu_strasbourg_portlet_search_asset_SearchAssetPortlet_fromYear%3D2018%26_eu_strasbourg_portlet_search_asset_SearchAssetPortlet_toDay%3D7%26_eu_strasbourg_portlet_search_asset_SearchAssetPortlet_orderByType%3Dasc%26_eu_strasbourg_portlet_search_asset_SearchAssetPortlet_fromMonth%3D10\" target=\"_blank\" rel=\"noopener\">www.musees.strasbourg.eu<\/a><\/p>\n","protected":false},"excerpt":{"rendered":"<p>les mus\u00e9es de la place du Ch\u00e2teau de Strasbourg proposent 2 journ\u00e9es d\u00e9di\u00e9es aux 15-25 ans autour de l\u2019exposition \u00ab 1518, la fi\u00e8vre de la danse \u00bb et de leurs collections les 17 au 18 novembre 2018 tout le programme &hellip; <a href=\"https:\/\/amacg.lyceegutenberg.net\/?p=3276\">Continuer la lecture <span class=\"meta-nav\">&rarr;<\/span><\/a><\/p>\n","protected":false},"author":2,"featured_media":0,"comment_status":"closed","ping_status":"closed","sticky":false,"template":"","format":"standard","meta":{"footnotes":""},"categories":[10,1],"tags":[],"_links":{"self":[{"href":"https:\/\/amacg.lyceegutenberg.net\/index.php?rest_route=\/wp\/v2\/posts\/3276"}],"collection":[{"href":"https:\/\/amacg.lyceegutenberg.net\/index.php?rest_route=\/wp\/v2\/posts"}],"about":[{"href":"https:\/\/amacg.lyceegutenberg.net\/index.php?rest_route=\/wp\/v2\/types\/post"}],"author":[{"embeddable":true,"href":"https:\/\/amacg.lyceegutenberg.net\/index.php?rest_route=\/wp\/v2\/users\/2"}],"replies":[{"embeddable":true,"href":"https:\/\/amacg.lyceegutenberg.net\/index.php?rest_route=%2Fwp%2Fv2%2Fcomments&post=3276"}],"version-history":[{"count":2,"href":"https:\/\/amacg.lyceegutenberg.net\/index.php?rest_route=\/wp\/v2\/posts\/3276\/revisions"}],"predecessor-version":[{"id":3279,"href":"https:\/\/amacg.lyceegutenberg.net\/index.php?rest_route=\/wp\/v2\/posts\/3276\/revisions\/3279"}],"wp:attachment":[{"href":"https:\/\/amacg.lyceegutenberg.net\/index.php?rest_route=%2Fwp%2Fv2%2Fmedia&parent=3276"}],"wp:term":[{"taxonomy":"category","embeddable":true,"href":"https:\/\/amacg.lyceegutenberg.net\/index.php?rest_route=%2Fwp%2Fv2%2Fcategories&post=3276"},{"taxonomy":"post_tag","embeddable":true,"href":"https:\/\/amacg.lyceegutenberg.net\/index.php?rest_route=%2Fwp%2Fv2%2Ftags&post=3276"}],"curies":[{"name":"wp","href":"https:\/\/api.w.org\/{rel}","templated":true}]}}