{"id":3463,"date":"2020-03-21T07:06:22","date_gmt":"2020-03-21T05:06:22","guid":{"rendered":"http:\/\/amacg.lyceegutenberg.net\/?p=3463"},"modified":"2020-03-21T08:06:55","modified_gmt":"2020-03-21T06:06:55","slug":"phallaina","status":"publish","type":"post","link":"https:\/\/amacg.lyceegutenberg.net\/?p=3463","title":{"rendered":"une BD ou BD ?"},"content":{"rendered":"<p><iframe loading=\"lazy\" width=\"584\" height=\"329\" src=\"https:\/\/www.youtube.com\/embed\/GIqQIpmhJGQ?feature=oembed\" frameborder=\"0\" allow=\"accelerometer; autoplay; encrypted-media; gyroscope; picture-in-picture\" allowfullscreen><\/iframe><\/p>\n<p>Phallaiina est la premi\u00e8re \u00ab\u00a0bande d\u00e9fil\u00e9e\u00a0\u00bb<br \/>\nsoit un roman graphique num\u00e9rique &amp; sonore de <a href=\"https:\/\/mariettaren.com\" target=\"_blank\" rel=\"noopener\"><strong>Marietta Ren<\/strong><\/a><br \/>\n\u00e0 t\u00e9l\u00e9charger gratuitement sur l&rsquo;App Store ou Google Play en passant par <a href=\"http:\/\/phallaina.nouvelles-ecritures.francetv.fr\" target=\"_blank\" rel=\"noopener\"><strong>l\u00e0<\/strong><\/a><\/p>\n<p>tout un article sur ces nouveaux visages de la BD gr\u00e2ce au num\u00e9rique par <a href=\"https:\/\/www.franceculture.fr\/bd-bande-dessinee\/les-nouveaux-visages-de-la-bande-dessinee-grace-au-numerique\" target=\"_blank\" rel=\"noopener\"><strong>ici<\/strong><\/a><\/p>\n","protected":false},"excerpt":{"rendered":"<p>Phallaiina est la premi\u00e8re \u00ab\u00a0bande d\u00e9fil\u00e9e\u00a0\u00bb soit un roman graphique num\u00e9rique &amp; sonore de Marietta Ren \u00e0 t\u00e9l\u00e9charger gratuitement sur l&rsquo;App Store ou Google Play en passant par l\u00e0 tout un article sur ces nouveaux visages de la BD gr\u00e2ce &hellip; <a href=\"https:\/\/amacg.lyceegutenberg.net\/?p=3463\">Continuer la lecture <span class=\"meta-nav\">&rarr;<\/span><\/a><\/p>\n","protected":false},"author":2,"featured_media":0,"comment_status":"closed","ping_status":"closed","sticky":false,"template":"","format":"standard","meta":{"footnotes":""},"categories":[23,17,22],"tags":[],"_links":{"self":[{"href":"https:\/\/amacg.lyceegutenberg.net\/index.php?rest_route=\/wp\/v2\/posts\/3463"}],"collection":[{"href":"https:\/\/amacg.lyceegutenberg.net\/index.php?rest_route=\/wp\/v2\/posts"}],"about":[{"href":"https:\/\/amacg.lyceegutenberg.net\/index.php?rest_route=\/wp\/v2\/types\/post"}],"author":[{"embeddable":true,"href":"https:\/\/amacg.lyceegutenberg.net\/index.php?rest_route=\/wp\/v2\/users\/2"}],"replies":[{"embeddable":true,"href":"https:\/\/amacg.lyceegutenberg.net\/index.php?rest_route=%2Fwp%2Fv2%2Fcomments&post=3463"}],"version-history":[{"count":8,"href":"https:\/\/amacg.lyceegutenberg.net\/index.php?rest_route=\/wp\/v2\/posts\/3463\/revisions"}],"predecessor-version":[{"id":4577,"href":"https:\/\/amacg.lyceegutenberg.net\/index.php?rest_route=\/wp\/v2\/posts\/3463\/revisions\/4577"}],"wp:attachment":[{"href":"https:\/\/amacg.lyceegutenberg.net\/index.php?rest_route=%2Fwp%2Fv2%2Fmedia&parent=3463"}],"wp:term":[{"taxonomy":"category","embeddable":true,"href":"https:\/\/amacg.lyceegutenberg.net\/index.php?rest_route=%2Fwp%2Fv2%2Fcategories&post=3463"},{"taxonomy":"post_tag","embeddable":true,"href":"https:\/\/amacg.lyceegutenberg.net\/index.php?rest_route=%2Fwp%2Fv2%2Ftags&post=3463"}],"curies":[{"name":"wp","href":"https:\/\/api.w.org\/{rel}","templated":true}]}}