{"id":3668,"date":"2019-03-27T07:18:44","date_gmt":"2019-03-27T05:18:44","guid":{"rendered":"http:\/\/amacg.lyceegutenberg.net\/?p=3668"},"modified":"2019-03-27T07:19:10","modified_gmt":"2019-03-27T05:19:10","slug":"exemplaires-2019","status":"publish","type":"post","link":"https:\/\/amacg.lyceegutenberg.net\/?p=3668","title":{"rendered":"exemplaires 2019"},"content":{"rendered":"<p><a href=\"http:\/\/amacg.lyceegutenberg.net\/wp-content\/uploads\/99332a9a-a35a-4c5b-a0d5-b37ccc230070.png\"><img decoding=\"async\" loading=\"lazy\" class=\"alignnone wp-image-3669\" src=\"http:\/\/amacg.lyceegutenberg.net\/wp-content\/uploads\/99332a9a-a35a-4c5b-a0d5-b37ccc230070.png\" alt=\"\" width=\"500\" height=\"283\" srcset=\"https:\/\/amacg.lyceegutenberg.net\/wp-content\/uploads\/99332a9a-a35a-4c5b-a0d5-b37ccc230070.png 1200w, https:\/\/amacg.lyceegutenberg.net\/wp-content\/uploads\/99332a9a-a35a-4c5b-a0d5-b37ccc230070-300x170.png 300w, https:\/\/amacg.lyceegutenberg.net\/wp-content\/uploads\/99332a9a-a35a-4c5b-a0d5-b37ccc230070-768x434.png 768w, https:\/\/amacg.lyceegutenberg.net\/wp-content\/uploads\/99332a9a-a35a-4c5b-a0d5-b37ccc230070-1024x579.png 1024w, https:\/\/amacg.lyceegutenberg.net\/wp-content\/uploads\/99332a9a-a35a-4c5b-a0d5-b37ccc230070-500x283.png 500w\" sizes=\"(max-width: 500px) 100vw, 500px\" \/><\/a><\/p>\n<p>biennale avec colloque, conf\u00e9rences &amp; expositions<br \/>\nsur les formes et pratiques de l&rsquo;\u00e9dition<br \/>\ndu 28 mars au 28 avril \u00e0 l&rsquo;\u00c9cole sup\u00e9rieure d&rsquo;art de Bretagne<\/p>\n<p>pour en savoir plus aller sur le site d\u00e9di\u00e9 \u00e0 cet \u00e9v\u00e9nement :<br \/>\n<strong><a href=\"https:\/\/www.exemplaires2019.fr\/?fbclid=IwAR3BU0hkxFB-mi5O9nvg6KkJkFgbVVEewuvRaggCj8Yx42WHixyIjpVCHug\" target=\"_blank\" rel=\"noopener\">www.exemplaires2019.fr<\/a><\/strong><\/p>\n","protected":false},"excerpt":{"rendered":"<p>biennale avec colloque, conf\u00e9rences &amp; expositions sur les formes et pratiques de l&rsquo;\u00e9dition du 28 mars au 28 avril \u00e0 l&rsquo;\u00c9cole sup\u00e9rieure d&rsquo;art de Bretagne pour en savoir plus aller sur le site d\u00e9di\u00e9 \u00e0 cet \u00e9v\u00e9nement : www.exemplaires2019.fr<\/p>\n","protected":false},"author":2,"featured_media":0,"comment_status":"closed","ping_status":"closed","sticky":false,"template":"","format":"standard","meta":{"footnotes":""},"categories":[10],"tags":[],"_links":{"self":[{"href":"https:\/\/amacg.lyceegutenberg.net\/index.php?rest_route=\/wp\/v2\/posts\/3668"}],"collection":[{"href":"https:\/\/amacg.lyceegutenberg.net\/index.php?rest_route=\/wp\/v2\/posts"}],"about":[{"href":"https:\/\/amacg.lyceegutenberg.net\/index.php?rest_route=\/wp\/v2\/types\/post"}],"author":[{"embeddable":true,"href":"https:\/\/amacg.lyceegutenberg.net\/index.php?rest_route=\/wp\/v2\/users\/2"}],"replies":[{"embeddable":true,"href":"https:\/\/amacg.lyceegutenberg.net\/index.php?rest_route=%2Fwp%2Fv2%2Fcomments&post=3668"}],"version-history":[{"count":2,"href":"https:\/\/amacg.lyceegutenberg.net\/index.php?rest_route=\/wp\/v2\/posts\/3668\/revisions"}],"predecessor-version":[{"id":3671,"href":"https:\/\/amacg.lyceegutenberg.net\/index.php?rest_route=\/wp\/v2\/posts\/3668\/revisions\/3671"}],"wp:attachment":[{"href":"https:\/\/amacg.lyceegutenberg.net\/index.php?rest_route=%2Fwp%2Fv2%2Fmedia&parent=3668"}],"wp:term":[{"taxonomy":"category","embeddable":true,"href":"https:\/\/amacg.lyceegutenberg.net\/index.php?rest_route=%2Fwp%2Fv2%2Fcategories&post=3668"},{"taxonomy":"post_tag","embeddable":true,"href":"https:\/\/amacg.lyceegutenberg.net\/index.php?rest_route=%2Fwp%2Fv2%2Ftags&post=3668"}],"curies":[{"name":"wp","href":"https:\/\/api.w.org\/{rel}","templated":true}]}}