{"id":3672,"date":"2019-03-31T05:25:08","date_gmt":"2019-03-31T03:25:08","guid":{"rendered":"http:\/\/amacg.lyceegutenberg.net\/?p=3672"},"modified":"2019-03-31T10:09:23","modified_gmt":"2019-03-31T08:09:23","slug":"jema-2019","status":"publish","type":"post","link":"https:\/\/amacg.lyceegutenberg.net\/?p=3672","title":{"rendered":"JEMA 2019"},"content":{"rendered":"<p><a href=\"http:\/\/amacg.lyceegutenberg.net\/wp-content\/uploads\/JEMA-2019.png\"><img decoding=\"async\" loading=\"lazy\" class=\"alignnone wp-image-3673\" src=\"http:\/\/amacg.lyceegutenberg.net\/wp-content\/uploads\/JEMA-2019.png\" alt=\"\" width=\"500\" height=\"166\" srcset=\"https:\/\/amacg.lyceegutenberg.net\/wp-content\/uploads\/JEMA-2019.png 500w, https:\/\/amacg.lyceegutenberg.net\/wp-content\/uploads\/JEMA-2019-300x100.png 300w\" sizes=\"(max-width: 500px) 100vw, 500px\" \/><\/a><\/p>\n<p>soyez curieux !<br \/>\nil se passe s\u00fbrement qq chose pr\u00e8s de chez vous :<br \/>\n<span style=\"color: #000000;\"><a href=\"https:\/\/www.journeesdesmetiersdart.fr\" target=\"_blank\" rel=\"noopener\"><strong>www.journeesdesmetiersdart.fr<\/strong><\/a><\/span><\/p>\n<p>\u00e0 Strasbourg<br \/>\nrencontre + atelier d\u00e9couverte s\u00e9rigraphie<br \/>\nchez <span style=\"color: #000000;\"><a class=\"moz-txt-link-abbreviated\" href=\"http:\/\/www.continuum-sxb.com\" target=\"_blank\" rel=\"noopener\">www.continuum-sxb.com<\/a><\/span><\/p>\n<p>dans toute l&rsquo;Alsace<br \/>\n62 ateliers ouvriront leurs portes au public<br \/>\net 8 manifestations sont organis\u00e9es sur le territoire<br \/>\npour en savoir plus : <a href=\"http:\/\/fremaa.com\/media\/documents\/Alsace%20-%20Programme%20JEMA%202019-.pdf?fbclid=IwAR2rBKtJr2K1kJ-NdQKGj67moZc5edNIId1aJdtuX67WDg4fuyvzrKmxAk8\" target=\"_blank\" rel=\"noopener\">fremaa.com<\/a><\/p>\n","protected":false},"excerpt":{"rendered":"<p>soyez curieux ! il se passe s\u00fbrement qq chose pr\u00e8s de chez vous : www.journeesdesmetiersdart.fr \u00e0 Strasbourg rencontre + atelier d\u00e9couverte s\u00e9rigraphie chez www.continuum-sxb.com dans toute l&rsquo;Alsace 62 ateliers ouvriront leurs portes au public et 8 manifestations sont organis\u00e9es sur &hellip; <a href=\"https:\/\/amacg.lyceegutenberg.net\/?p=3672\">Continuer la lecture <span class=\"meta-nav\">&rarr;<\/span><\/a><\/p>\n","protected":false},"author":2,"featured_media":0,"comment_status":"closed","ping_status":"closed","sticky":false,"template":"","format":"standard","meta":{"footnotes":""},"categories":[10],"tags":[],"_links":{"self":[{"href":"https:\/\/amacg.lyceegutenberg.net\/index.php?rest_route=\/wp\/v2\/posts\/3672"}],"collection":[{"href":"https:\/\/amacg.lyceegutenberg.net\/index.php?rest_route=\/wp\/v2\/posts"}],"about":[{"href":"https:\/\/amacg.lyceegutenberg.net\/index.php?rest_route=\/wp\/v2\/types\/post"}],"author":[{"embeddable":true,"href":"https:\/\/amacg.lyceegutenberg.net\/index.php?rest_route=\/wp\/v2\/users\/2"}],"replies":[{"embeddable":true,"href":"https:\/\/amacg.lyceegutenberg.net\/index.php?rest_route=%2Fwp%2Fv2%2Fcomments&post=3672"}],"version-history":[{"count":5,"href":"https:\/\/amacg.lyceegutenberg.net\/index.php?rest_route=\/wp\/v2\/posts\/3672\/revisions"}],"predecessor-version":[{"id":3724,"href":"https:\/\/amacg.lyceegutenberg.net\/index.php?rest_route=\/wp\/v2\/posts\/3672\/revisions\/3724"}],"wp:attachment":[{"href":"https:\/\/amacg.lyceegutenberg.net\/index.php?rest_route=%2Fwp%2Fv2%2Fmedia&parent=3672"}],"wp:term":[{"taxonomy":"category","embeddable":true,"href":"https:\/\/amacg.lyceegutenberg.net\/index.php?rest_route=%2Fwp%2Fv2%2Fcategories&post=3672"},{"taxonomy":"post_tag","embeddable":true,"href":"https:\/\/amacg.lyceegutenberg.net\/index.php?rest_route=%2Fwp%2Fv2%2Ftags&post=3672"}],"curies":[{"name":"wp","href":"https:\/\/api.w.org\/{rel}","templated":true}]}}