{"id":3707,"date":"2019-03-30T06:52:05","date_gmt":"2019-03-30T04:52:05","guid":{"rendered":"http:\/\/amacg.lyceegutenberg.net\/?p=3707"},"modified":"2019-03-30T08:59:02","modified_gmt":"2019-03-30T06:59:02","slug":"fontes-variables","status":"publish","type":"post","link":"https:\/\/amacg.lyceegutenberg.net\/?p=3707","title":{"rendered":"variable font \/ fontes variables"},"content":{"rendered":"<p><iframe loading=\"lazy\" width=\"584\" height=\"329\" src=\"https:\/\/www.youtube.com\/embed\/63Uv_VC7nbY?feature=oembed\" frameborder=\"0\" allow=\"accelerometer; autoplay; encrypted-media; gyroscope; picture-in-picture\" allowfullscreen><\/iframe><\/p>\n<p>introduction \u00e0 cette tendance du moment<br \/>\npour ceux qui comprennent ais\u00e9ment l&rsquo;anglais visionnez ce documentaire<br \/>\n&amp; pour ceux qui pr\u00e9f\u00e8rent lire &amp; en fran\u00e7ais [re]trouvez cet :<br \/>\n<strong><a href=\"http:\/\/blogs.adobe.com\/creative\/fr\/les-polices-de-caracteres-variables-arrivent-et-voici-pourquoi\/\" target=\"_blank\" rel=\"noopener\">www.blogs.adobe.com\/creative\/fr\/les-polices-de-caracteres-variables<\/a><\/strong><\/p>\n","protected":false},"excerpt":{"rendered":"<p>introduction \u00e0 cette tendance du moment pour ceux qui comprennent ais\u00e9ment l&rsquo;anglais visionnez ce documentaire &amp; pour ceux qui pr\u00e9f\u00e8rent lire &amp; en fran\u00e7ais [re]trouvez cet : www.blogs.adobe.com\/creative\/fr\/les-polices-de-caracteres-variables<\/p>\n","protected":false},"author":2,"featured_media":0,"comment_status":"closed","ping_status":"closed","sticky":false,"template":"","format":"standard","meta":{"footnotes":""},"categories":[5],"tags":[],"_links":{"self":[{"href":"https:\/\/amacg.lyceegutenberg.net\/index.php?rest_route=\/wp\/v2\/posts\/3707"}],"collection":[{"href":"https:\/\/amacg.lyceegutenberg.net\/index.php?rest_route=\/wp\/v2\/posts"}],"about":[{"href":"https:\/\/amacg.lyceegutenberg.net\/index.php?rest_route=\/wp\/v2\/types\/post"}],"author":[{"embeddable":true,"href":"https:\/\/amacg.lyceegutenberg.net\/index.php?rest_route=\/wp\/v2\/users\/2"}],"replies":[{"embeddable":true,"href":"https:\/\/amacg.lyceegutenberg.net\/index.php?rest_route=%2Fwp%2Fv2%2Fcomments&post=3707"}],"version-history":[{"count":6,"href":"https:\/\/amacg.lyceegutenberg.net\/index.php?rest_route=\/wp\/v2\/posts\/3707\/revisions"}],"predecessor-version":[{"id":3716,"href":"https:\/\/amacg.lyceegutenberg.net\/index.php?rest_route=\/wp\/v2\/posts\/3707\/revisions\/3716"}],"wp:attachment":[{"href":"https:\/\/amacg.lyceegutenberg.net\/index.php?rest_route=%2Fwp%2Fv2%2Fmedia&parent=3707"}],"wp:term":[{"taxonomy":"category","embeddable":true,"href":"https:\/\/amacg.lyceegutenberg.net\/index.php?rest_route=%2Fwp%2Fv2%2Fcategories&post=3707"},{"taxonomy":"post_tag","embeddable":true,"href":"https:\/\/amacg.lyceegutenberg.net\/index.php?rest_route=%2Fwp%2Fv2%2Ftags&post=3707"}],"curies":[{"name":"wp","href":"https:\/\/api.w.org\/{rel}","templated":true}]}}