{"id":3718,"date":"2019-03-31T08:18:14","date_gmt":"2019-03-31T06:18:14","guid":{"rendered":"http:\/\/amacg.lyceegutenberg.net\/?p=3718"},"modified":"2019-03-31T08:19:31","modified_gmt":"2019-03-31T06:19:31","slug":"comme-un-poisson-dans","status":"publish","type":"post","link":"https:\/\/amacg.lyceegutenberg.net\/?p=3718","title":{"rendered":"comme un ><>\u00b0 dans\u2026"},"content":{"rendered":"<p><strong><a href=\"http:\/\/amacg.lyceegutenberg.net\/wp-content\/uploads\/aquarium-editions-du-livre-fanette-mellier-2.jpg\"><img decoding=\"async\" loading=\"lazy\" class=\"alignnone size-full wp-image-3719\" src=\"http:\/\/amacg.lyceegutenberg.net\/wp-content\/uploads\/aquarium-editions-du-livre-fanette-mellier-2.jpg\" alt=\"\" width=\"1007\" height=\"1007\" srcset=\"https:\/\/amacg.lyceegutenberg.net\/wp-content\/uploads\/aquarium-editions-du-livre-fanette-mellier-2.jpg 1007w, https:\/\/amacg.lyceegutenberg.net\/wp-content\/uploads\/aquarium-editions-du-livre-fanette-mellier-2-150x150.jpg 150w, https:\/\/amacg.lyceegutenberg.net\/wp-content\/uploads\/aquarium-editions-du-livre-fanette-mellier-2-300x300.jpg 300w, https:\/\/amacg.lyceegutenberg.net\/wp-content\/uploads\/aquarium-editions-du-livre-fanette-mellier-2-768x768.jpg 768w\" sizes=\"(max-width: 1007px) 100vw, 1007px\" \/><\/a><\/strong><\/p>\n<p><strong>Aquarium<\/strong> est un livre de\u00a0la graphiste <a href=\"https:\/\/www.instagram.com\/fanettemellier\/\" target=\"_blank\" rel=\"noopener\"><strong>Fanette Mellier<\/strong><\/a><br \/>\nqui joue avec le papier, les encres, la transparence, la couleur, les formes\u2026<\/p>\n<p>allez d\u00e9couvrir qqs vid\u00e9os de son \u00e9diteur strasbourgeois sur :<br \/>\n<strong><a href=\"https:\/\/www.instagram.com\/editionsdulivre\/\" target=\"_blank\" rel=\"noopener\">www.instagram.com\/editionsdulivre<\/a><\/strong><\/p>\n","protected":false},"excerpt":{"rendered":"<p>Aquarium est un livre de\u00a0la graphiste Fanette Mellier qui joue avec le papier, les encres, la transparence, la couleur, les formes\u2026 allez d\u00e9couvrir qqs vid\u00e9os de son \u00e9diteur strasbourgeois sur : www.instagram.com\/editionsdulivre<\/p>\n","protected":false},"author":2,"featured_media":0,"comment_status":"closed","ping_status":"closed","sticky":false,"template":"","format":"standard","meta":{"footnotes":""},"categories":[11,17,21],"tags":[],"_links":{"self":[{"href":"https:\/\/amacg.lyceegutenberg.net\/index.php?rest_route=\/wp\/v2\/posts\/3718"}],"collection":[{"href":"https:\/\/amacg.lyceegutenberg.net\/index.php?rest_route=\/wp\/v2\/posts"}],"about":[{"href":"https:\/\/amacg.lyceegutenberg.net\/index.php?rest_route=\/wp\/v2\/types\/post"}],"author":[{"embeddable":true,"href":"https:\/\/amacg.lyceegutenberg.net\/index.php?rest_route=\/wp\/v2\/users\/2"}],"replies":[{"embeddable":true,"href":"https:\/\/amacg.lyceegutenberg.net\/index.php?rest_route=%2Fwp%2Fv2%2Fcomments&post=3718"}],"version-history":[{"count":2,"href":"https:\/\/amacg.lyceegutenberg.net\/index.php?rest_route=\/wp\/v2\/posts\/3718\/revisions"}],"predecessor-version":[{"id":3721,"href":"https:\/\/amacg.lyceegutenberg.net\/index.php?rest_route=\/wp\/v2\/posts\/3718\/revisions\/3721"}],"wp:attachment":[{"href":"https:\/\/amacg.lyceegutenberg.net\/index.php?rest_route=%2Fwp%2Fv2%2Fmedia&parent=3718"}],"wp:term":[{"taxonomy":"category","embeddable":true,"href":"https:\/\/amacg.lyceegutenberg.net\/index.php?rest_route=%2Fwp%2Fv2%2Fcategories&post=3718"},{"taxonomy":"post_tag","embeddable":true,"href":"https:\/\/amacg.lyceegutenberg.net\/index.php?rest_route=%2Fwp%2Fv2%2Ftags&post=3718"}],"curies":[{"name":"wp","href":"https:\/\/api.w.org\/{rel}","templated":true}]}}