{"id":3744,"date":"2019-04-06T07:07:03","date_gmt":"2019-04-06T05:07:03","guid":{"rendered":"http:\/\/amacg.lyceegutenberg.net\/?p=3744"},"modified":"2019-04-25T05:49:47","modified_gmt":"2019-04-25T03:49:47","slug":"vg-par-seldon","status":"publish","type":"post","link":"https:\/\/amacg.lyceegutenberg.net\/?p=3744","title":{"rendered":"VG par Seldon"},"content":{"rendered":"<p><a href=\"http:\/\/amacg.lyceegutenberg.net\/wp-content\/uploads\/voie-de-van-goh-1-michem-lafon.jpg\"><img decoding=\"async\" loading=\"lazy\" class=\"alignnone wp-image-3745\" src=\"http:\/\/amacg.lyceegutenberg.net\/wp-content\/uploads\/voie-de-van-goh-1-michem-lafon.jpg\" alt=\"\" width=\"343\" height=\"500\" srcset=\"https:\/\/amacg.lyceegutenberg.net\/wp-content\/uploads\/voie-de-van-goh-1-michem-lafon.jpg 343w, https:\/\/amacg.lyceegutenberg.net\/wp-content\/uploads\/voie-de-van-goh-1-michem-lafon-206x300.jpg 206w\" sizes=\"(max-width: 343px) 100vw, 343px\" \/><\/a><\/p>\n<p>la vie de <strong>Van Gogh<\/strong> racont\u00e9e\u2026 dans un manga<br \/>\npar Samuel qui a \u00e9t\u00e9 une petite ann\u00e9e en BAC PRO AMA CV\u2026<\/p>\n<p>retrouvez son livre en librairie<br \/>\n&amp; en notre <a href=\"http:\/\/0672616e.esidoc.fr\/\" target=\"_blank\" rel=\"noopener\"><strong>CDI<\/strong><\/a> au lyc\u00e9e Gutenberg !<\/p>\n","protected":false},"excerpt":{"rendered":"<p>la vie de Van Gogh racont\u00e9e\u2026 dans un manga par Samuel qui a \u00e9t\u00e9 une petite ann\u00e9e en BAC PRO AMA CV\u2026 retrouvez son livre en librairie &amp; en notre CDI au lyc\u00e9e Gutenberg !<\/p>\n","protected":false},"author":2,"featured_media":0,"comment_status":"closed","ping_status":"closed","sticky":false,"template":"","format":"standard","meta":{"footnotes":""},"categories":[15,21],"tags":[],"_links":{"self":[{"href":"https:\/\/amacg.lyceegutenberg.net\/index.php?rest_route=\/wp\/v2\/posts\/3744"}],"collection":[{"href":"https:\/\/amacg.lyceegutenberg.net\/index.php?rest_route=\/wp\/v2\/posts"}],"about":[{"href":"https:\/\/amacg.lyceegutenberg.net\/index.php?rest_route=\/wp\/v2\/types\/post"}],"author":[{"embeddable":true,"href":"https:\/\/amacg.lyceegutenberg.net\/index.php?rest_route=\/wp\/v2\/users\/2"}],"replies":[{"embeddable":true,"href":"https:\/\/amacg.lyceegutenberg.net\/index.php?rest_route=%2Fwp%2Fv2%2Fcomments&post=3744"}],"version-history":[{"count":3,"href":"https:\/\/amacg.lyceegutenberg.net\/index.php?rest_route=\/wp\/v2\/posts\/3744\/revisions"}],"predecessor-version":[{"id":3782,"href":"https:\/\/amacg.lyceegutenberg.net\/index.php?rest_route=\/wp\/v2\/posts\/3744\/revisions\/3782"}],"wp:attachment":[{"href":"https:\/\/amacg.lyceegutenberg.net\/index.php?rest_route=%2Fwp%2Fv2%2Fmedia&parent=3744"}],"wp:term":[{"taxonomy":"category","embeddable":true,"href":"https:\/\/amacg.lyceegutenberg.net\/index.php?rest_route=%2Fwp%2Fv2%2Fcategories&post=3744"},{"taxonomy":"post_tag","embeddable":true,"href":"https:\/\/amacg.lyceegutenberg.net\/index.php?rest_route=%2Fwp%2Fv2%2Ftags&post=3744"}],"curies":[{"name":"wp","href":"https:\/\/api.w.org\/{rel}","templated":true}]}}