{"id":3769,"date":"2019-04-18T06:46:01","date_gmt":"2019-04-18T04:46:01","guid":{"rendered":"http:\/\/amacg.lyceegutenberg.net\/?p=3769"},"modified":"2019-04-18T06:46:46","modified_gmt":"2019-04-18T04:46:46","slug":"abcd-de-la-typographie","status":"publish","type":"post","link":"https:\/\/amacg.lyceegutenberg.net\/?p=3769","title":{"rendered":"ABCD de la TYPOgraphie"},"content":{"rendered":"<p><a href=\"http:\/\/amacg.lyceegutenberg.net\/wp-content\/uploads\/Soiree-typographique-27avril2019-Quai-des-Brumes-EEG.jpg\"><img decoding=\"async\" loading=\"lazy\" class=\"alignnone wp-image-3770\" src=\"http:\/\/amacg.lyceegutenberg.net\/wp-content\/uploads\/Soiree-typographique-27avril2019-Quai-des-Brumes-EEG.jpg\" alt=\"\" width=\"500\" height=\"874\" srcset=\"https:\/\/amacg.lyceegutenberg.net\/wp-content\/uploads\/Soiree-typographique-27avril2019-Quai-des-Brumes-EEG.jpg 2789w, https:\/\/amacg.lyceegutenberg.net\/wp-content\/uploads\/Soiree-typographique-27avril2019-Quai-des-Brumes-EEG-172x300.jpg 172w, https:\/\/amacg.lyceegutenberg.net\/wp-content\/uploads\/Soiree-typographique-27avril2019-Quai-des-Brumes-EEG-768x1342.jpg 768w, https:\/\/amacg.lyceegutenberg.net\/wp-content\/uploads\/Soiree-typographique-27avril2019-Quai-des-Brumes-EEG-586x1024.jpg 586w\" sizes=\"(max-width: 500px) 100vw, 500px\" \/><\/a><\/p>\n<p>rencontre initi\u00e9e par l&rsquo;<a href=\"http:\/\/espace-gutenberg.fr\/n2018\/\" target=\"_blank\" rel=\"noopener\"><strong>Espace Europ\u00e9en Gutenberg<\/strong><\/a><br \/>\nen partenariat avec la librairie <a href=\"https:\/\/quaidesbrumes.com\" target=\"_blank\" rel=\"noopener\"><strong>Quai des Brumes<\/strong><\/a> \u00e0 Strasbourg<br \/>\n\u00e0 l&rsquo;occasion de la semaine de la Librairie ind\u00e9pendante<\/p>\n<p>RDV \u00e0 noter dans votre agenda<br \/>\n&amp; venez \u00e9couter <strong>David Rault<\/strong> &amp; <strong>Jean Alessandrini<\/strong> parler TYPO !<\/p>\n","protected":false},"excerpt":{"rendered":"<p>rencontre initi\u00e9e par l&rsquo;Espace Europ\u00e9en Gutenberg en partenariat avec la librairie Quai des Brumes \u00e0 Strasbourg \u00e0 l&rsquo;occasion de la semaine de la Librairie ind\u00e9pendante RDV \u00e0 noter dans votre agenda &amp; venez \u00e9couter David Rault &amp; Jean Alessandrini parler &hellip; <a href=\"https:\/\/amacg.lyceegutenberg.net\/?p=3769\">Continuer la lecture <span class=\"meta-nav\">&rarr;<\/span><\/a><\/p>\n","protected":false},"author":2,"featured_media":0,"comment_status":"closed","ping_status":"closed","sticky":false,"template":"","format":"standard","meta":{"footnotes":""},"categories":[10,5],"tags":[],"_links":{"self":[{"href":"https:\/\/amacg.lyceegutenberg.net\/index.php?rest_route=\/wp\/v2\/posts\/3769"}],"collection":[{"href":"https:\/\/amacg.lyceegutenberg.net\/index.php?rest_route=\/wp\/v2\/posts"}],"about":[{"href":"https:\/\/amacg.lyceegutenberg.net\/index.php?rest_route=\/wp\/v2\/types\/post"}],"author":[{"embeddable":true,"href":"https:\/\/amacg.lyceegutenberg.net\/index.php?rest_route=\/wp\/v2\/users\/2"}],"replies":[{"embeddable":true,"href":"https:\/\/amacg.lyceegutenberg.net\/index.php?rest_route=%2Fwp%2Fv2%2Fcomments&post=3769"}],"version-history":[{"count":2,"href":"https:\/\/amacg.lyceegutenberg.net\/index.php?rest_route=\/wp\/v2\/posts\/3769\/revisions"}],"predecessor-version":[{"id":3772,"href":"https:\/\/amacg.lyceegutenberg.net\/index.php?rest_route=\/wp\/v2\/posts\/3769\/revisions\/3772"}],"wp:attachment":[{"href":"https:\/\/amacg.lyceegutenberg.net\/index.php?rest_route=%2Fwp%2Fv2%2Fmedia&parent=3769"}],"wp:term":[{"taxonomy":"category","embeddable":true,"href":"https:\/\/amacg.lyceegutenberg.net\/index.php?rest_route=%2Fwp%2Fv2%2Fcategories&post=3769"},{"taxonomy":"post_tag","embeddable":true,"href":"https:\/\/amacg.lyceegutenberg.net\/index.php?rest_route=%2Fwp%2Fv2%2Ftags&post=3769"}],"curies":[{"name":"wp","href":"https:\/\/api.w.org\/{rel}","templated":true}]}}