{"id":4128,"date":"2020-01-11T11:44:23","date_gmt":"2020-01-11T09:44:23","guid":{"rendered":"http:\/\/amacg.lyceegutenberg.net\/?p=4128"},"modified":"2020-01-11T11:45:08","modified_gmt":"2020-01-11T09:45:08","slug":"pierre-di-sciullo-zeug","status":"publish","type":"post","link":"https:\/\/amacg.lyceegutenberg.net\/?p=4128","title":{"rendered":"Pierre Di Sciullo \/ \u2013Zeug"},"content":{"rendered":"<p><a href=\"http:\/\/amacg.lyceegutenberg.net\/wp-content\/uploads\/838_zeug-pds-p42.43.jpg\"><img decoding=\"async\" loading=\"lazy\" class=\"alignnone size-full wp-image-4129\" src=\"http:\/\/amacg.lyceegutenberg.net\/wp-content\/uploads\/838_zeug-pds-p42.43.jpg\" alt=\"\" width=\"838\" height=\"670\" srcset=\"https:\/\/amacg.lyceegutenberg.net\/wp-content\/uploads\/838_zeug-pds-p42.43.jpg 838w, https:\/\/amacg.lyceegutenberg.net\/wp-content\/uploads\/838_zeug-pds-p42.43-300x240.jpg 300w, https:\/\/amacg.lyceegutenberg.net\/wp-content\/uploads\/838_zeug-pds-p42.43-768x614.jpg 768w, https:\/\/amacg.lyceegutenberg.net\/wp-content\/uploads\/838_zeug-pds-p42.43-375x300.jpg 375w\" sizes=\"(max-width: 838px) 100vw, 838px\" \/><\/a><\/p>\n<p>\u00e0 l&rsquo;occasion de la publication de l&rsquo;ouvrage d&rsquo;entretien men\u00e9<br \/>\npar Sandra Chamaret et Julien Gineste<br \/>\ndans \u00ab\u00a0L\u2019Apr\u00e8s-midi d&rsquo;un phon\u00e8me\u00a0\u00bb aux \u00e9ditions <a href=\"http:\/\/www.zeug.fr\" target=\"_blank\" rel=\"noopener\"><strong>\u2013Zeug<\/strong><\/a><br \/>\nle graphiste, dessinateur <a href=\"http:\/\/www.quiresiste.com\/encours.php?lang=fr\" target=\"_blank\" rel=\"noopener\"><strong>Pierre Di Sciullo<\/strong><\/a> est venu r\u00e9fl\u00e9chir<br \/>\n\u00e0 l&rsquo;avenir de l&rsquo;\u00e9crit mais \u00e9galement \u00e0 la composition d&rsquo;affiches<\/p>\n<p>\u00e9mission \u00e0 [re]\u00e9couter en Podcast sur <a href=\"https:\/\/www.franceculture.fr\/emissions\/par-les-temps-qui-courent\/par-les-temps-qui-courent-emission-du-mardi-31-decembre-2019?fbclid=IwAR2DIeUoaRK160t78KTrUX8wJeKnUJSGZCu86t9OTGJrgLCRxaiL4XJ3q0s\" target=\"_blank\" rel=\"noopener\">France Culture<\/a><\/p>\n<p>livre \u00e0 consulter au CDI<\/p>\n","protected":false},"excerpt":{"rendered":"<p>\u00e0 l&rsquo;occasion de la publication de l&rsquo;ouvrage d&rsquo;entretien men\u00e9 par Sandra Chamaret et Julien Gineste dans \u00ab\u00a0L\u2019Apr\u00e8s-midi d&rsquo;un phon\u00e8me\u00a0\u00bb aux \u00e9ditions \u2013Zeug le graphiste, dessinateur Pierre Di Sciullo est venu r\u00e9fl\u00e9chir \u00e0 l&rsquo;avenir de l&rsquo;\u00e9crit mais \u00e9galement \u00e0 la composition &hellip; <a href=\"https:\/\/amacg.lyceegutenberg.net\/?p=4128\">Continuer la lecture <span class=\"meta-nav\">&rarr;<\/span><\/a><\/p>\n","protected":false},"author":2,"featured_media":0,"comment_status":"closed","ping_status":"closed","sticky":false,"template":"","format":"standard","meta":{"footnotes":""},"categories":[15,11,12,5],"tags":[],"_links":{"self":[{"href":"https:\/\/amacg.lyceegutenberg.net\/index.php?rest_route=\/wp\/v2\/posts\/4128"}],"collection":[{"href":"https:\/\/amacg.lyceegutenberg.net\/index.php?rest_route=\/wp\/v2\/posts"}],"about":[{"href":"https:\/\/amacg.lyceegutenberg.net\/index.php?rest_route=\/wp\/v2\/types\/post"}],"author":[{"embeddable":true,"href":"https:\/\/amacg.lyceegutenberg.net\/index.php?rest_route=\/wp\/v2\/users\/2"}],"replies":[{"embeddable":true,"href":"https:\/\/amacg.lyceegutenberg.net\/index.php?rest_route=%2Fwp%2Fv2%2Fcomments&post=4128"}],"version-history":[{"count":2,"href":"https:\/\/amacg.lyceegutenberg.net\/index.php?rest_route=\/wp\/v2\/posts\/4128\/revisions"}],"predecessor-version":[{"id":4131,"href":"https:\/\/amacg.lyceegutenberg.net\/index.php?rest_route=\/wp\/v2\/posts\/4128\/revisions\/4131"}],"wp:attachment":[{"href":"https:\/\/amacg.lyceegutenberg.net\/index.php?rest_route=%2Fwp%2Fv2%2Fmedia&parent=4128"}],"wp:term":[{"taxonomy":"category","embeddable":true,"href":"https:\/\/amacg.lyceegutenberg.net\/index.php?rest_route=%2Fwp%2Fv2%2Fcategories&post=4128"},{"taxonomy":"post_tag","embeddable":true,"href":"https:\/\/amacg.lyceegutenberg.net\/index.php?rest_route=%2Fwp%2Fv2%2Ftags&post=4128"}],"curies":[{"name":"wp","href":"https:\/\/api.w.org\/{rel}","templated":true}]}}