{"id":4462,"date":"2020-03-16T22:43:07","date_gmt":"2020-03-16T20:43:07","guid":{"rendered":"http:\/\/amacg.lyceegutenberg.net\/?p=4462"},"modified":"2020-03-16T22:43:07","modified_gmt":"2020-03-16T20:43:07","slug":"remue-meninges","status":"publish","type":"post","link":"https:\/\/amacg.lyceegutenberg.net\/?p=4462","title":{"rendered":"remue-m\u00e9ninges"},"content":{"rendered":"<p><a href=\"http:\/\/amacg.lyceegutenberg.net\/wp-content\/uploads\/Capture-d\u2019e\u0301cran-2020-03-16-a\u0300-21.42.22.png\"><img decoding=\"async\" loading=\"lazy\" class=\"alignnone size-full wp-image-4465\" src=\"http:\/\/amacg.lyceegutenberg.net\/wp-content\/uploads\/Capture-d\u2019e\u0301cran-2020-03-16-a\u0300-21.42.22.png\" alt=\"\" width=\"787\" height=\"443\" srcset=\"https:\/\/amacg.lyceegutenberg.net\/wp-content\/uploads\/Capture-d\u2019e\u0301cran-2020-03-16-a\u0300-21.42.22.png 787w, https:\/\/amacg.lyceegutenberg.net\/wp-content\/uploads\/Capture-d\u2019e\u0301cran-2020-03-16-a\u0300-21.42.22-300x169.png 300w, https:\/\/amacg.lyceegutenberg.net\/wp-content\/uploads\/Capture-d\u2019e\u0301cran-2020-03-16-a\u0300-21.42.22-768x432.png 768w, https:\/\/amacg.lyceegutenberg.net\/wp-content\/uploads\/Capture-d\u2019e\u0301cran-2020-03-16-a\u0300-21.42.22-500x281.png 500w\" sizes=\"(max-width: 787px) 100vw, 787px\" \/><\/a><\/p>\n<p>que se passe-t-il quand nous avons la berlue ?<br \/>\nune s\u00e9rie en treize \u00e9pisodes sur les ph\u00e9nom\u00e8nes optiques, acoustiques<br \/>\nou psychologiques qui trompent nos sens sur : <a href=\"https:\/\/www.arte.tv\/fr\/videos\/078134-001-A\/remue-meninges\/\" target=\"_blank\" rel=\"noopener\"><strong>www.arte.tv\/fr<\/strong><\/a><\/p>\n","protected":false},"excerpt":{"rendered":"<p>que se passe-t-il quand nous avons la berlue ? une s\u00e9rie en treize \u00e9pisodes sur les ph\u00e9nom\u00e8nes optiques, acoustiques ou psychologiques qui trompent nos sens sur : www.arte.tv\/fr<\/p>\n","protected":false},"author":2,"featured_media":0,"comment_status":"closed","ping_status":"closed","sticky":false,"template":"","format":"standard","meta":{"footnotes":""},"categories":[9],"tags":[],"_links":{"self":[{"href":"https:\/\/amacg.lyceegutenberg.net\/index.php?rest_route=\/wp\/v2\/posts\/4462"}],"collection":[{"href":"https:\/\/amacg.lyceegutenberg.net\/index.php?rest_route=\/wp\/v2\/posts"}],"about":[{"href":"https:\/\/amacg.lyceegutenberg.net\/index.php?rest_route=\/wp\/v2\/types\/post"}],"author":[{"embeddable":true,"href":"https:\/\/amacg.lyceegutenberg.net\/index.php?rest_route=\/wp\/v2\/users\/2"}],"replies":[{"embeddable":true,"href":"https:\/\/amacg.lyceegutenberg.net\/index.php?rest_route=%2Fwp%2Fv2%2Fcomments&post=4462"}],"version-history":[{"count":2,"href":"https:\/\/amacg.lyceegutenberg.net\/index.php?rest_route=\/wp\/v2\/posts\/4462\/revisions"}],"predecessor-version":[{"id":4466,"href":"https:\/\/amacg.lyceegutenberg.net\/index.php?rest_route=\/wp\/v2\/posts\/4462\/revisions\/4466"}],"wp:attachment":[{"href":"https:\/\/amacg.lyceegutenberg.net\/index.php?rest_route=%2Fwp%2Fv2%2Fmedia&parent=4462"}],"wp:term":[{"taxonomy":"category","embeddable":true,"href":"https:\/\/amacg.lyceegutenberg.net\/index.php?rest_route=%2Fwp%2Fv2%2Fcategories&post=4462"},{"taxonomy":"post_tag","embeddable":true,"href":"https:\/\/amacg.lyceegutenberg.net\/index.php?rest_route=%2Fwp%2Fv2%2Ftags&post=4462"}],"curies":[{"name":"wp","href":"https:\/\/api.w.org\/{rel}","templated":true}]}}