{"id":4467,"date":"2020-03-18T06:49:41","date_gmt":"2020-03-18T04:49:41","guid":{"rendered":"http:\/\/amacg.lyceegutenberg.net\/?p=4467"},"modified":"2020-03-18T06:49:41","modified_gmt":"2020-03-18T04:49:41","slug":"promenades-imaginaires-au-musee","status":"publish","type":"post","link":"https:\/\/amacg.lyceegutenberg.net\/?p=4467","title":{"rendered":"promenades imaginaires au mus\u00e9e"},"content":{"rendered":"<p><a href=\"http:\/\/amacg.lyceegutenberg.net\/wp-content\/uploads\/promenades_imaginaires_saison_2_blog_une-1.jpg\"><img decoding=\"async\" loading=\"lazy\" class=\"alignnone wp-image-4469\" src=\"http:\/\/amacg.lyceegutenberg.net\/wp-content\/uploads\/promenades_imaginaires_saison_2_blog_une-1.jpg\" alt=\"\" width=\"450\" height=\"450\" srcset=\"https:\/\/amacg.lyceegutenberg.net\/wp-content\/uploads\/promenades_imaginaires_saison_2_blog_une-1.jpg 620w, https:\/\/amacg.lyceegutenberg.net\/wp-content\/uploads\/promenades_imaginaires_saison_2_blog_une-1-150x150.jpg 150w, https:\/\/amacg.lyceegutenberg.net\/wp-content\/uploads\/promenades_imaginaires_saison_2_blog_une-1-300x300.jpg 300w\" sizes=\"(max-width: 450px) 100vw, 450px\" \/><\/a><\/p>\n<p>en route pour un voyage dans le temps&#8230;<br \/>\navec les <a href=\"https:\/\/www.petitsmo.fr\/promenades-imaginaires\" target=\"_blank\" rel=\"noopener\"><strong>Promenades imaginaires au mus\u00e9e d&rsquo;Orsay<\/strong><\/a>.<br \/>\nL&rsquo;auteure B\u00e9atrice Fontanel a choisi des tableaux au mus\u00e9e<br \/>\npour imaginer les histoires \u00e0 \u00e9couter au mus\u00e9e devant le tableau<br \/>\nou \u00e0 la maison les yeux ferm\u00e9s !<\/p>\n","protected":false},"excerpt":{"rendered":"<p>en route pour un voyage dans le temps&#8230; avec les Promenades imaginaires au mus\u00e9e d&rsquo;Orsay. L&rsquo;auteure B\u00e9atrice Fontanel a choisi des tableaux au mus\u00e9e pour imaginer les histoires \u00e0 \u00e9couter au mus\u00e9e devant le tableau ou \u00e0 la maison les &hellip; <a href=\"https:\/\/amacg.lyceegutenberg.net\/?p=4467\">Continuer la lecture <span class=\"meta-nav\">&rarr;<\/span><\/a><\/p>\n","protected":false},"author":2,"featured_media":0,"comment_status":"closed","ping_status":"closed","sticky":false,"template":"","format":"standard","meta":{"footnotes":""},"categories":[10],"tags":[],"_links":{"self":[{"href":"https:\/\/amacg.lyceegutenberg.net\/index.php?rest_route=\/wp\/v2\/posts\/4467"}],"collection":[{"href":"https:\/\/amacg.lyceegutenberg.net\/index.php?rest_route=\/wp\/v2\/posts"}],"about":[{"href":"https:\/\/amacg.lyceegutenberg.net\/index.php?rest_route=\/wp\/v2\/types\/post"}],"author":[{"embeddable":true,"href":"https:\/\/amacg.lyceegutenberg.net\/index.php?rest_route=\/wp\/v2\/users\/2"}],"replies":[{"embeddable":true,"href":"https:\/\/amacg.lyceegutenberg.net\/index.php?rest_route=%2Fwp%2Fv2%2Fcomments&post=4467"}],"version-history":[{"count":1,"href":"https:\/\/amacg.lyceegutenberg.net\/index.php?rest_route=\/wp\/v2\/posts\/4467\/revisions"}],"predecessor-version":[{"id":4470,"href":"https:\/\/amacg.lyceegutenberg.net\/index.php?rest_route=\/wp\/v2\/posts\/4467\/revisions\/4470"}],"wp:attachment":[{"href":"https:\/\/amacg.lyceegutenberg.net\/index.php?rest_route=%2Fwp%2Fv2%2Fmedia&parent=4467"}],"wp:term":[{"taxonomy":"category","embeddable":true,"href":"https:\/\/amacg.lyceegutenberg.net\/index.php?rest_route=%2Fwp%2Fv2%2Fcategories&post=4467"},{"taxonomy":"post_tag","embeddable":true,"href":"https:\/\/amacg.lyceegutenberg.net\/index.php?rest_route=%2Fwp%2Fv2%2Ftags&post=4467"}],"curies":[{"name":"wp","href":"https:\/\/api.w.org\/{rel}","templated":true}]}}