{"id":4511,"date":"2020-03-19T19:57:14","date_gmt":"2020-03-19T17:57:14","guid":{"rendered":"http:\/\/amacg.lyceegutenberg.net\/?p=4511"},"modified":"2020-03-19T19:57:50","modified_gmt":"2020-03-19T17:57:50","slug":"ccc-od","status":"publish","type":"post","link":"https:\/\/amacg.lyceegutenberg.net\/?p=4511","title":{"rendered":"CCC OD"},"content":{"rendered":"<p><iframe loading=\"lazy\" src=\"https:\/\/player.vimeo.com\/video\/219526918?dnt=1&amp;app_id=122963\" width=\"584\" height=\"329\" frameborder=\"0\" allow=\"autoplay; fullscreen\" allowfullscreen title=\"CCC OD: Naissance d&amp;rsquo;un caract&amp;egrave;re typographique \/ Birth of a typeface (english subtitles)\"><\/iframe><\/p>\n<p><strong>naissance d&rsquo;une caract\u00e8re TYPOgraphique<\/strong><\/p>\n<p>entrez dans les coulisses du caract\u00e8re cr\u00e9\u00e9 par Andr\u00e9 Baldinger et Toan Vu-Huu<br \/>\npour le Centre de Cr\u00e9ation Contemporaine Olivier Debr\u00e9 \u00e0 Tours :<br \/>\n\u00ab on s\u2019attache \u00e0 une typographie\u2026 c\u2019est une sorte de complicit\u00e9,<br \/>\non peut dire, qui s\u2019installe entre un spectateur et un caract\u00e8re. \u00bb<\/p>\n","protected":false},"excerpt":{"rendered":"<p>naissance d&rsquo;une caract\u00e8re TYPOgraphique entrez dans les coulisses du caract\u00e8re cr\u00e9\u00e9 par Andr\u00e9 Baldinger et Toan Vu-Huu pour le Centre de Cr\u00e9ation Contemporaine Olivier Debr\u00e9 \u00e0 Tours : \u00ab on s\u2019attache \u00e0 une typographie\u2026 c\u2019est une sorte de complicit\u00e9, on &hellip; <a href=\"https:\/\/amacg.lyceegutenberg.net\/?p=4511\">Continuer la lecture <span class=\"meta-nav\">&rarr;<\/span><\/a><\/p>\n","protected":false},"author":2,"featured_media":0,"comment_status":"closed","ping_status":"closed","sticky":false,"template":"","format":"standard","meta":{"footnotes":""},"categories":[5],"tags":[],"_links":{"self":[{"href":"https:\/\/amacg.lyceegutenberg.net\/index.php?rest_route=\/wp\/v2\/posts\/4511"}],"collection":[{"href":"https:\/\/amacg.lyceegutenberg.net\/index.php?rest_route=\/wp\/v2\/posts"}],"about":[{"href":"https:\/\/amacg.lyceegutenberg.net\/index.php?rest_route=\/wp\/v2\/types\/post"}],"author":[{"embeddable":true,"href":"https:\/\/amacg.lyceegutenberg.net\/index.php?rest_route=\/wp\/v2\/users\/2"}],"replies":[{"embeddable":true,"href":"https:\/\/amacg.lyceegutenberg.net\/index.php?rest_route=%2Fwp%2Fv2%2Fcomments&post=4511"}],"version-history":[{"count":1,"href":"https:\/\/amacg.lyceegutenberg.net\/index.php?rest_route=\/wp\/v2\/posts\/4511\/revisions"}],"predecessor-version":[{"id":4512,"href":"https:\/\/amacg.lyceegutenberg.net\/index.php?rest_route=\/wp\/v2\/posts\/4511\/revisions\/4512"}],"wp:attachment":[{"href":"https:\/\/amacg.lyceegutenberg.net\/index.php?rest_route=%2Fwp%2Fv2%2Fmedia&parent=4511"}],"wp:term":[{"taxonomy":"category","embeddable":true,"href":"https:\/\/amacg.lyceegutenberg.net\/index.php?rest_route=%2Fwp%2Fv2%2Fcategories&post=4511"},{"taxonomy":"post_tag","embeddable":true,"href":"https:\/\/amacg.lyceegutenberg.net\/index.php?rest_route=%2Fwp%2Fv2%2Ftags&post=4511"}],"curies":[{"name":"wp","href":"https:\/\/api.w.org\/{rel}","templated":true}]}}