{"id":4531,"date":"2020-03-20T06:42:23","date_gmt":"2020-03-20T04:42:23","guid":{"rendered":"http:\/\/amacg.lyceegutenberg.net\/?p=4531"},"modified":"2020-03-20T06:42:50","modified_gmt":"2020-03-20T04:42:50","slug":"helvetica-le-film","status":"publish","type":"post","link":"https:\/\/amacg.lyceegutenberg.net\/?p=4531","title":{"rendered":"Helvetica le film"},"content":{"rendered":"<p><a href=\"http:\/\/amacg.lyceegutenberg.net\/wp-content\/uploads\/Capture-d\u2019e\u0301cran-2020-03-20-a\u0300-05.36.01.png\"><img decoding=\"async\" loading=\"lazy\" class=\"alignnone size-full wp-image-4532\" src=\"http:\/\/amacg.lyceegutenberg.net\/wp-content\/uploads\/Capture-d\u2019e\u0301cran-2020-03-20-a\u0300-05.36.01.png\" alt=\"\" width=\"958\" height=\"538\" srcset=\"https:\/\/amacg.lyceegutenberg.net\/wp-content\/uploads\/Capture-d\u2019e\u0301cran-2020-03-20-a\u0300-05.36.01.png 958w, https:\/\/amacg.lyceegutenberg.net\/wp-content\/uploads\/Capture-d\u2019e\u0301cran-2020-03-20-a\u0300-05.36.01-300x168.png 300w, https:\/\/amacg.lyceegutenberg.net\/wp-content\/uploads\/Capture-d\u2019e\u0301cran-2020-03-20-a\u0300-05.36.01-768x431.png 768w, https:\/\/amacg.lyceegutenberg.net\/wp-content\/uploads\/Capture-d\u2019e\u0301cran-2020-03-20-a\u0300-05.36.01-500x281.png 500w\" sizes=\"(max-width: 958px) 100vw, 958px\" \/><\/a><\/p>\n<p><strong>Helvetica<\/strong> est un film de 1h20 r\u00e9alis\u00e9 par Gary Hustwit en 2007<br \/>\nqui raconte l&rsquo;histoire de ce caract\u00e8re que tout le monde conna\u00eet\u2026<\/p>\n<p>vous pouvez le visionne en allant sur : <a href=\"https:\/\/vimeo.com\/398281319?fbclid=IwAR2TAcxafqFg4c_p-hCfzSFGK6rlqROAuzcX5-Zw64CN6x0LOEJOYTYv9WQ\" target=\"_blank\" rel=\"noopener\"><strong>vimeo.com<\/strong><\/a><\/p>\n","protected":false},"excerpt":{"rendered":"<p>Helvetica est un film de 1h20 r\u00e9alis\u00e9 par Gary Hustwit en 2007 qui raconte l&rsquo;histoire de ce caract\u00e8re que tout le monde conna\u00eet\u2026 vous pouvez le visionne en allant sur : vimeo.com<\/p>\n","protected":false},"author":2,"featured_media":0,"comment_status":"closed","ping_status":"closed","sticky":false,"template":"","format":"standard","meta":{"footnotes":""},"categories":[5],"tags":[],"_links":{"self":[{"href":"https:\/\/amacg.lyceegutenberg.net\/index.php?rest_route=\/wp\/v2\/posts\/4531"}],"collection":[{"href":"https:\/\/amacg.lyceegutenberg.net\/index.php?rest_route=\/wp\/v2\/posts"}],"about":[{"href":"https:\/\/amacg.lyceegutenberg.net\/index.php?rest_route=\/wp\/v2\/types\/post"}],"author":[{"embeddable":true,"href":"https:\/\/amacg.lyceegutenberg.net\/index.php?rest_route=\/wp\/v2\/users\/2"}],"replies":[{"embeddable":true,"href":"https:\/\/amacg.lyceegutenberg.net\/index.php?rest_route=%2Fwp%2Fv2%2Fcomments&post=4531"}],"version-history":[{"count":2,"href":"https:\/\/amacg.lyceegutenberg.net\/index.php?rest_route=\/wp\/v2\/posts\/4531\/revisions"}],"predecessor-version":[{"id":4534,"href":"https:\/\/amacg.lyceegutenberg.net\/index.php?rest_route=\/wp\/v2\/posts\/4531\/revisions\/4534"}],"wp:attachment":[{"href":"https:\/\/amacg.lyceegutenberg.net\/index.php?rest_route=%2Fwp%2Fv2%2Fmedia&parent=4531"}],"wp:term":[{"taxonomy":"category","embeddable":true,"href":"https:\/\/amacg.lyceegutenberg.net\/index.php?rest_route=%2Fwp%2Fv2%2Fcategories&post=4531"},{"taxonomy":"post_tag","embeddable":true,"href":"https:\/\/amacg.lyceegutenberg.net\/index.php?rest_route=%2Fwp%2Fv2%2Ftags&post=4531"}],"curies":[{"name":"wp","href":"https:\/\/api.w.org\/{rel}","templated":true}]}}