{"id":4535,"date":"2020-03-20T09:13:52","date_gmt":"2020-03-20T07:13:52","guid":{"rendered":"http:\/\/amacg.lyceegutenberg.net\/?p=4535"},"modified":"2020-03-20T09:35:37","modified_gmt":"2020-03-20T07:35:37","slug":"rester-eleve","status":"publish","type":"post","link":"https:\/\/amacg.lyceegutenberg.net\/?p=4535","title":{"rendered":"rester \u00e9l\u00e8ve !"},"content":{"rendered":"<p><a href=\"http:\/\/amacg.lyceegutenberg.net\/wp-content\/uploads\/Capture-d\u2019e\u0301cran-2020-03-20-a\u0300-08.05.41.png\"><img decoding=\"async\" loading=\"lazy\" class=\"alignnone wp-image-4536\" src=\"http:\/\/amacg.lyceegutenberg.net\/wp-content\/uploads\/Capture-d\u2019e\u0301cran-2020-03-20-a\u0300-08.05.41.png\" alt=\"\" width=\"291\" height=\"293\" srcset=\"https:\/\/amacg.lyceegutenberg.net\/wp-content\/uploads\/Capture-d\u2019e\u0301cran-2020-03-20-a\u0300-08.05.41.png 373w, https:\/\/amacg.lyceegutenberg.net\/wp-content\/uploads\/Capture-d\u2019e\u0301cran-2020-03-20-a\u0300-08.05.41-150x150.png 150w, https:\/\/amacg.lyceegutenberg.net\/wp-content\/uploads\/Capture-d\u2019e\u0301cran-2020-03-20-a\u0300-08.05.41-298x300.png 298w\" sizes=\"(max-width: 291px) 100vw, 291px\" \/><\/a><\/p>\n<p><a href=\"https:\/\/www.france.tv\/france-4\/direct.html\" target=\"_blank\" rel=\"noopener\"><strong>France 4<\/strong><\/a> modifie sa programmation pour diffuser en direct<br \/>\ndes cours dispens\u00e9s par des professeurs de l&rsquo;\u00c9ducation Nationale<br \/>\nafin de [pour]suivre l&rsquo;\u00e9cole \u00e0 distance<\/p>\n<p><strong>toute la semaine :<\/strong><br \/>\n9h &#8211; 10h &gt;&gt;&gt; lecture et Maths pour les CP &#8211; CE1<br \/>\n10h &#8211; 11h &gt;&gt;&gt; programmes ludo-\u00e9ducatifs pour les pr\u00e9-scolaires<br \/>\n14h &#8211; 15h &gt;&gt;&gt; Fran\u00e7ais et Maths pour les coll\u00e9giens<br \/>\n<strong>15h &#8211; 16h &gt;&gt;&gt; Fran\u00e7ais, Maths, Histoire-G\u00e9o, Anglais\u2026 pour les lyc\u00e9ens<\/strong><br \/>\n16h &#8211; 16h50 &gt;&gt;&gt; La maison Lumni pour les 8-12 ans<br \/>\n<strong>le mardi soir en prime time &gt;&gt;&gt; Entr\u00e9e en mati\u00e8re<\/strong><br \/>\n<strong>documentaires historiques pour les coll\u00e9giens et lyc\u00e9ens<\/p>\n<p><\/strong>plus d&rsquo;infos \u00e0 ce propos par <strong><a href=\"https:\/\/www.francetvpro.fr\/france-tv\/communiques-de-presse\/france-televisions-ouvre-largement-ses-antennes-a-lecole-et-a-la\" target=\"_blank\" rel=\"noopener\">ici<\/a><br \/>\n<\/strong><\/p>\n","protected":false},"excerpt":{"rendered":"<p>France 4 modifie sa programmation pour diffuser en direct des cours dispens\u00e9s par des professeurs de l&rsquo;\u00c9ducation Nationale afin de [pour]suivre l&rsquo;\u00e9cole \u00e0 distance toute la semaine : 9h &#8211; 10h &gt;&gt;&gt; lecture et Maths pour les CP &#8211; CE1 &hellip; <a href=\"https:\/\/amacg.lyceegutenberg.net\/?p=4535\">Continuer la lecture <span class=\"meta-nav\">&rarr;<\/span><\/a><\/p>\n","protected":false},"author":2,"featured_media":0,"comment_status":"closed","ping_status":"closed","sticky":false,"template":"","format":"standard","meta":{"footnotes":""},"categories":[1],"tags":[],"_links":{"self":[{"href":"https:\/\/amacg.lyceegutenberg.net\/index.php?rest_route=\/wp\/v2\/posts\/4535"}],"collection":[{"href":"https:\/\/amacg.lyceegutenberg.net\/index.php?rest_route=\/wp\/v2\/posts"}],"about":[{"href":"https:\/\/amacg.lyceegutenberg.net\/index.php?rest_route=\/wp\/v2\/types\/post"}],"author":[{"embeddable":true,"href":"https:\/\/amacg.lyceegutenberg.net\/index.php?rest_route=\/wp\/v2\/users\/2"}],"replies":[{"embeddable":true,"href":"https:\/\/amacg.lyceegutenberg.net\/index.php?rest_route=%2Fwp%2Fv2%2Fcomments&post=4535"}],"version-history":[{"count":6,"href":"https:\/\/amacg.lyceegutenberg.net\/index.php?rest_route=\/wp\/v2\/posts\/4535\/revisions"}],"predecessor-version":[{"id":4545,"href":"https:\/\/amacg.lyceegutenberg.net\/index.php?rest_route=\/wp\/v2\/posts\/4535\/revisions\/4545"}],"wp:attachment":[{"href":"https:\/\/amacg.lyceegutenberg.net\/index.php?rest_route=%2Fwp%2Fv2%2Fmedia&parent=4535"}],"wp:term":[{"taxonomy":"category","embeddable":true,"href":"https:\/\/amacg.lyceegutenberg.net\/index.php?rest_route=%2Fwp%2Fv2%2Fcategories&post=4535"},{"taxonomy":"post_tag","embeddable":true,"href":"https:\/\/amacg.lyceegutenberg.net\/index.php?rest_route=%2Fwp%2Fv2%2Ftags&post=4535"}],"curies":[{"name":"wp","href":"https:\/\/api.w.org\/{rel}","templated":true}]}}