{"id":4539,"date":"2020-03-20T09:20:33","date_gmt":"2020-03-20T07:20:33","guid":{"rendered":"http:\/\/amacg.lyceegutenberg.net\/?p=4539"},"modified":"2020-03-20T09:20:33","modified_gmt":"2020-03-20T07:20:33","slug":"illustrations-botaniques-animales","status":"publish","type":"post","link":"https:\/\/amacg.lyceegutenberg.net\/?p=4539","title":{"rendered":"illustrations botaniques &#038; animales"},"content":{"rendered":"<p><a href=\"http:\/\/amacg.lyceegutenberg.net\/wp-content\/uploads\/une-illustration-botanique-animale.jpg\"><img decoding=\"async\" loading=\"lazy\" class=\"alignnone size-full wp-image-4540\" src=\"http:\/\/amacg.lyceegutenberg.net\/wp-content\/uploads\/une-illustration-botanique-animale.jpg\" alt=\"\" width=\"1200\" height=\"675\" srcset=\"https:\/\/amacg.lyceegutenberg.net\/wp-content\/uploads\/une-illustration-botanique-animale.jpg 1200w, https:\/\/amacg.lyceegutenberg.net\/wp-content\/uploads\/une-illustration-botanique-animale-300x169.jpg 300w, https:\/\/amacg.lyceegutenberg.net\/wp-content\/uploads\/une-illustration-botanique-animale-768x432.jpg 768w, https:\/\/amacg.lyceegutenberg.net\/wp-content\/uploads\/une-illustration-botanique-animale-1024x576.jpg 1024w, https:\/\/amacg.lyceegutenberg.net\/wp-content\/uploads\/une-illustration-botanique-animale-500x281.jpg 500w\" sizes=\"(max-width: 1200px) 100vw, 1200px\" \/><\/a><\/p>\n<p>remontez le temps avec ces archives historiques t\u00e9l\u00e9chargeables en haute r\u00e9solution<br \/>\nsur la grande archive num\u00e9rique en libre acc\u00e8s au monde consacr\u00e9e \u00e0 la vie sur Terre :<br \/>\nla <strong><a href=\"https:\/\/www.biodiversitylibrary.org\/\" target=\"_blank\" rel=\"noreferrer noopener\" aria-label=\"Biblioth\u00e8que du patrimoine de la biodiversit\u00e9 (s\u2019ouvre dans un nouvel onglet)\">Biblioth\u00e8que du patrimoine de la biodiversit\u00e9<\/a><\/strong><\/p>\n","protected":false},"excerpt":{"rendered":"<p>remontez le temps avec ces archives historiques t\u00e9l\u00e9chargeables en haute r\u00e9solution sur la grande archive num\u00e9rique en libre acc\u00e8s au monde consacr\u00e9e \u00e0 la vie sur Terre : la Biblioth\u00e8que du patrimoine de la biodiversit\u00e9<\/p>\n","protected":false},"author":2,"featured_media":0,"comment_status":"closed","ping_status":"closed","sticky":false,"template":"","format":"standard","meta":{"footnotes":""},"categories":[17],"tags":[],"_links":{"self":[{"href":"https:\/\/amacg.lyceegutenberg.net\/index.php?rest_route=\/wp\/v2\/posts\/4539"}],"collection":[{"href":"https:\/\/amacg.lyceegutenberg.net\/index.php?rest_route=\/wp\/v2\/posts"}],"about":[{"href":"https:\/\/amacg.lyceegutenberg.net\/index.php?rest_route=\/wp\/v2\/types\/post"}],"author":[{"embeddable":true,"href":"https:\/\/amacg.lyceegutenberg.net\/index.php?rest_route=\/wp\/v2\/users\/2"}],"replies":[{"embeddable":true,"href":"https:\/\/amacg.lyceegutenberg.net\/index.php?rest_route=%2Fwp%2Fv2%2Fcomments&post=4539"}],"version-history":[{"count":1,"href":"https:\/\/amacg.lyceegutenberg.net\/index.php?rest_route=\/wp\/v2\/posts\/4539\/revisions"}],"predecessor-version":[{"id":4541,"href":"https:\/\/amacg.lyceegutenberg.net\/index.php?rest_route=\/wp\/v2\/posts\/4539\/revisions\/4541"}],"wp:attachment":[{"href":"https:\/\/amacg.lyceegutenberg.net\/index.php?rest_route=%2Fwp%2Fv2%2Fmedia&parent=4539"}],"wp:term":[{"taxonomy":"category","embeddable":true,"href":"https:\/\/amacg.lyceegutenberg.net\/index.php?rest_route=%2Fwp%2Fv2%2Fcategories&post=4539"},{"taxonomy":"post_tag","embeddable":true,"href":"https:\/\/amacg.lyceegutenberg.net\/index.php?rest_route=%2Fwp%2Fv2%2Ftags&post=4539"}],"curies":[{"name":"wp","href":"https:\/\/api.w.org\/{rel}","templated":true}]}}