{"id":4552,"date":"2020-03-20T16:34:26","date_gmt":"2020-03-20T14:34:26","guid":{"rendered":"http:\/\/amacg.lyceegutenberg.net\/?p=4552"},"modified":"2020-03-20T16:34:47","modified_gmt":"2020-03-20T14:34:47","slug":"ar-a-distance","status":"publish","type":"post","link":"https:\/\/amacg.lyceegutenberg.net\/?p=4552","title":{"rendered":"formation #AR \u00e0 distance"},"content":{"rendered":"<p><a href=\"http:\/\/amacg.lyceegutenberg.net\/wp-content\/uploads\/Capture-d\u2019e\u0301cran-2020-03-20-a\u0300-11.07.51.png\"><img decoding=\"async\" loading=\"lazy\" class=\"alignnone size-full wp-image-4553\" src=\"http:\/\/amacg.lyceegutenberg.net\/wp-content\/uploads\/Capture-d\u2019e\u0301cran-2020-03-20-a\u0300-11.07.51.png\" alt=\"\" width=\"1680\" height=\"1050\" srcset=\"https:\/\/amacg.lyceegutenberg.net\/wp-content\/uploads\/Capture-d\u2019e\u0301cran-2020-03-20-a\u0300-11.07.51.png 1680w, https:\/\/amacg.lyceegutenberg.net\/wp-content\/uploads\/Capture-d\u2019e\u0301cran-2020-03-20-a\u0300-11.07.51-300x188.png 300w, https:\/\/amacg.lyceegutenberg.net\/wp-content\/uploads\/Capture-d\u2019e\u0301cran-2020-03-20-a\u0300-11.07.51-768x480.png 768w, https:\/\/amacg.lyceegutenberg.net\/wp-content\/uploads\/Capture-d\u2019e\u0301cran-2020-03-20-a\u0300-11.07.51-1024x640.png 1024w, https:\/\/amacg.lyceegutenberg.net\/wp-content\/uploads\/Capture-d\u2019e\u0301cran-2020-03-20-a\u0300-11.07.51-480x300.png 480w\" sizes=\"(max-width: 1680px) 100vw, 1680px\" \/><\/a><\/p>\n<p>c&rsquo;est TOP quand les \u00e9l\u00e8ves de terminale<br \/>\nBAC PRO AMA CV du lyc\u00e9e Gutenberg<br \/>\nsuivent une visio-conf dans et sur \u00ab\u00a0notre\u00a0\u00bb classe virtuelle<br \/>\navec les formateurs de <a href=\"https:\/\/www.snappress.com\/fr\/?gclid=Cj0KCQjw09HzBRDrARIsAG60GP8qJRhA4DaadbB_bIAq5VewzJGjESJEDh-Vv7L_z80M9VYK-rVNjSgaAnrEEALw_wcB\" target=\"_blank\" rel=\"noopener\"><strong>SnapPress by ARGO<\/strong><\/a> ! <span class=\"_5afx\"><span class=\"_58cl _5afz\" aria-label=\"hashtag\">#<\/span><span class=\"_58cm\">AR<\/span><\/span><\/p>\n","protected":false},"excerpt":{"rendered":"<p>c&rsquo;est TOP quand les \u00e9l\u00e8ves de terminale BAC PRO AMA CV du lyc\u00e9e Gutenberg suivent une visio-conf dans et sur \u00ab\u00a0notre\u00a0\u00bb classe virtuelle avec les formateurs de SnapPress by ARGO ! #AR<\/p>\n","protected":false},"author":2,"featured_media":0,"comment_status":"closed","ping_status":"closed","sticky":false,"template":"","format":"standard","meta":{"footnotes":""},"categories":[9],"tags":[],"_links":{"self":[{"href":"https:\/\/amacg.lyceegutenberg.net\/index.php?rest_route=\/wp\/v2\/posts\/4552"}],"collection":[{"href":"https:\/\/amacg.lyceegutenberg.net\/index.php?rest_route=\/wp\/v2\/posts"}],"about":[{"href":"https:\/\/amacg.lyceegutenberg.net\/index.php?rest_route=\/wp\/v2\/types\/post"}],"author":[{"embeddable":true,"href":"https:\/\/amacg.lyceegutenberg.net\/index.php?rest_route=\/wp\/v2\/users\/2"}],"replies":[{"embeddable":true,"href":"https:\/\/amacg.lyceegutenberg.net\/index.php?rest_route=%2Fwp%2Fv2%2Fcomments&post=4552"}],"version-history":[{"count":2,"href":"https:\/\/amacg.lyceegutenberg.net\/index.php?rest_route=\/wp\/v2\/posts\/4552\/revisions"}],"predecessor-version":[{"id":4555,"href":"https:\/\/amacg.lyceegutenberg.net\/index.php?rest_route=\/wp\/v2\/posts\/4552\/revisions\/4555"}],"wp:attachment":[{"href":"https:\/\/amacg.lyceegutenberg.net\/index.php?rest_route=%2Fwp%2Fv2%2Fmedia&parent=4552"}],"wp:term":[{"taxonomy":"category","embeddable":true,"href":"https:\/\/amacg.lyceegutenberg.net\/index.php?rest_route=%2Fwp%2Fv2%2Fcategories&post=4552"},{"taxonomy":"post_tag","embeddable":true,"href":"https:\/\/amacg.lyceegutenberg.net\/index.php?rest_route=%2Fwp%2Fv2%2Ftags&post=4552"}],"curies":[{"name":"wp","href":"https:\/\/api.w.org\/{rel}","templated":true}]}}