{"id":4584,"date":"2020-03-21T09:46:06","date_gmt":"2020-03-21T07:46:06","guid":{"rendered":"http:\/\/amacg.lyceegutenberg.net\/?p=4584"},"modified":"2020-03-21T09:46:06","modified_gmt":"2020-03-21T07:46:06","slug":"en-liens-avec-lart","status":"publish","type":"post","link":"https:\/\/amacg.lyceegutenberg.net\/?p=4584","title":{"rendered":"en lien(s) avec l&rsquo;art"},"content":{"rendered":"<p><a href=\"http:\/\/amacg.lyceegutenberg.net\/wp-content\/uploads\/Capture-d\u2019e\u0301cran-2020-03-21-a\u0300-08.05.02.png\"><img decoding=\"async\" loading=\"lazy\" class=\"alignnone size-full wp-image-4585\" src=\"http:\/\/amacg.lyceegutenberg.net\/wp-content\/uploads\/Capture-d\u2019e\u0301cran-2020-03-21-a\u0300-08.05.02.png\" alt=\"\" width=\"1310\" height=\"830\" srcset=\"https:\/\/amacg.lyceegutenberg.net\/wp-content\/uploads\/Capture-d\u2019e\u0301cran-2020-03-21-a\u0300-08.05.02.png 1310w, https:\/\/amacg.lyceegutenberg.net\/wp-content\/uploads\/Capture-d\u2019e\u0301cran-2020-03-21-a\u0300-08.05.02-300x190.png 300w, https:\/\/amacg.lyceegutenberg.net\/wp-content\/uploads\/Capture-d\u2019e\u0301cran-2020-03-21-a\u0300-08.05.02-768x487.png 768w, https:\/\/amacg.lyceegutenberg.net\/wp-content\/uploads\/Capture-d\u2019e\u0301cran-2020-03-21-a\u0300-08.05.02-1024x649.png 1024w, https:\/\/amacg.lyceegutenberg.net\/wp-content\/uploads\/Capture-d\u2019e\u0301cran-2020-03-21-a\u0300-08.05.02-473x300.png 473w\" sizes=\"(max-width: 1310px) 100vw, 1310px\" \/><\/a><\/p>\n<p><a href=\"https:\/\/coggle.it\/diagram\/Xm4__2Ve022OO9SD\/t\/arts-confin\u00e9s?fbclid=IwAR08cYQnGUuHO0Zx-dKHIsN6y1wq1_NpAHBSlVUhH0ZAghB0CZJR6HfEP1U\" target=\"_blank\" rel=\"noopener\"><strong>coggle.it\/diagram<\/strong><\/a><br \/>\nil vous suffit de cliquer puis cliquer &amp; encore cliquer\u2026<\/p>\n<p><em>(merci de cette d\u00e9couverte \u00e0 <span class=\"fwn fcg\"><span class=\"fwb fcg\" data-ft=\"{&quot;tn&quot;:&quot;;&quot;}\">Jean-Fran\u00e7ois Nouvel<\/span><\/span> enseignant<br \/>\nen BAC PRO AMA CV au <a href=\"http:\/\/lycee-alfredcostes.fr\/index.php\/fr\/\" target=\"_blank\" rel=\"noopener\">lyc\u00e9e des m\u00e9tiers Alfred Costes \u00e0 Bobigny<\/a>)<\/em><\/p>\n","protected":false},"excerpt":{"rendered":"<p>coggle.it\/diagram il vous suffit de cliquer puis cliquer &amp; encore cliquer\u2026 (merci de cette d\u00e9couverte \u00e0 Jean-Fran\u00e7ois Nouvel enseignant en BAC PRO AMA CV au lyc\u00e9e des m\u00e9tiers Alfred Costes \u00e0 Bobigny)<\/p>\n","protected":false},"author":2,"featured_media":0,"comment_status":"closed","ping_status":"closed","sticky":false,"template":"","format":"standard","meta":{"footnotes":""},"categories":[9],"tags":[],"_links":{"self":[{"href":"https:\/\/amacg.lyceegutenberg.net\/index.php?rest_route=\/wp\/v2\/posts\/4584"}],"collection":[{"href":"https:\/\/amacg.lyceegutenberg.net\/index.php?rest_route=\/wp\/v2\/posts"}],"about":[{"href":"https:\/\/amacg.lyceegutenberg.net\/index.php?rest_route=\/wp\/v2\/types\/post"}],"author":[{"embeddable":true,"href":"https:\/\/amacg.lyceegutenberg.net\/index.php?rest_route=\/wp\/v2\/users\/2"}],"replies":[{"embeddable":true,"href":"https:\/\/amacg.lyceegutenberg.net\/index.php?rest_route=%2Fwp%2Fv2%2Fcomments&post=4584"}],"version-history":[{"count":1,"href":"https:\/\/amacg.lyceegutenberg.net\/index.php?rest_route=\/wp\/v2\/posts\/4584\/revisions"}],"predecessor-version":[{"id":4586,"href":"https:\/\/amacg.lyceegutenberg.net\/index.php?rest_route=\/wp\/v2\/posts\/4584\/revisions\/4586"}],"wp:attachment":[{"href":"https:\/\/amacg.lyceegutenberg.net\/index.php?rest_route=%2Fwp%2Fv2%2Fmedia&parent=4584"}],"wp:term":[{"taxonomy":"category","embeddable":true,"href":"https:\/\/amacg.lyceegutenberg.net\/index.php?rest_route=%2Fwp%2Fv2%2Fcategories&post=4584"},{"taxonomy":"post_tag","embeddable":true,"href":"https:\/\/amacg.lyceegutenberg.net\/index.php?rest_route=%2Fwp%2Fv2%2Ftags&post=4584"}],"curies":[{"name":"wp","href":"https:\/\/api.w.org\/{rel}","templated":true}]}}