{"id":5054,"date":"2020-04-11T05:29:16","date_gmt":"2020-04-11T03:29:16","guid":{"rendered":"http:\/\/amacg.lyceegutenberg.net\/?p=5054"},"modified":"2020-04-11T05:29:28","modified_gmt":"2020-04-11T03:29:28","slug":"inrocks-radio-nova","status":"publish","type":"post","link":"https:\/\/amacg.lyceegutenberg.net\/?p=5054","title":{"rendered":"Inrocks + Radio Nova"},"content":{"rendered":"<p><a href=\"http:\/\/amacg.lyceegutenberg.net\/wp-content\/uploads\/Capture-d\u2019e\u0301cran-2020-04-11-a\u0300-05.23.09.png\"><img decoding=\"async\" loading=\"lazy\" class=\"alignnone size-full wp-image-5055\" src=\"http:\/\/amacg.lyceegutenberg.net\/wp-content\/uploads\/Capture-d\u2019e\u0301cran-2020-04-11-a\u0300-05.23.09.png\" alt=\"\" width=\"1067\" height=\"579\" srcset=\"https:\/\/amacg.lyceegutenberg.net\/wp-content\/uploads\/Capture-d\u2019e\u0301cran-2020-04-11-a\u0300-05.23.09.png 1067w, https:\/\/amacg.lyceegutenberg.net\/wp-content\/uploads\/Capture-d\u2019e\u0301cran-2020-04-11-a\u0300-05.23.09-300x163.png 300w, https:\/\/amacg.lyceegutenberg.net\/wp-content\/uploads\/Capture-d\u2019e\u0301cran-2020-04-11-a\u0300-05.23.09-768x417.png 768w, https:\/\/amacg.lyceegutenberg.net\/wp-content\/uploads\/Capture-d\u2019e\u0301cran-2020-04-11-a\u0300-05.23.09-1024x556.png 1024w, https:\/\/amacg.lyceegutenberg.net\/wp-content\/uploads\/Capture-d\u2019e\u0301cran-2020-04-11-a\u0300-05.23.09-500x271.png 500w\" sizes=\"(max-width: 1067px) 100vw, 1067px\" \/><\/a><\/p>\n<p><span class=\"css-901oao css-16my406 r-1qd0xha r-ad9z0x r-bcqeeo r-qvutc0\"><strong>Fermons les portes et ouvrons les esprits !<\/strong><\/span><\/p>\n<p>Les <a href=\"https:\/\/www.lesinrocks.com\/\" target=\"_blank\" rel=\"noopener\"><strong>Inrockuptibles<\/strong><\/a> &amp; Radio Nova donnent la parole \u00e0 tous ceux<br \/>\nqui par leurs initiatives et par leurs pens\u00e9es veulent imaginer<br \/>\nla soci\u00e9t\u00e9 du post-confinement<\/p>\n","protected":false},"excerpt":{"rendered":"<p>Fermons les portes et ouvrons les esprits ! Les Inrockuptibles &amp; Radio Nova donnent la parole \u00e0 tous ceux qui par leurs initiatives et par leurs pens\u00e9es veulent imaginer la soci\u00e9t\u00e9 du post-confinement<\/p>\n","protected":false},"author":2,"featured_media":0,"comment_status":"closed","ping_status":"closed","sticky":false,"template":"","format":"standard","meta":{"footnotes":""},"categories":[1],"tags":[],"_links":{"self":[{"href":"https:\/\/amacg.lyceegutenberg.net\/index.php?rest_route=\/wp\/v2\/posts\/5054"}],"collection":[{"href":"https:\/\/amacg.lyceegutenberg.net\/index.php?rest_route=\/wp\/v2\/posts"}],"about":[{"href":"https:\/\/amacg.lyceegutenberg.net\/index.php?rest_route=\/wp\/v2\/types\/post"}],"author":[{"embeddable":true,"href":"https:\/\/amacg.lyceegutenberg.net\/index.php?rest_route=\/wp\/v2\/users\/2"}],"replies":[{"embeddable":true,"href":"https:\/\/amacg.lyceegutenberg.net\/index.php?rest_route=%2Fwp%2Fv2%2Fcomments&post=5054"}],"version-history":[{"count":2,"href":"https:\/\/amacg.lyceegutenberg.net\/index.php?rest_route=\/wp\/v2\/posts\/5054\/revisions"}],"predecessor-version":[{"id":5057,"href":"https:\/\/amacg.lyceegutenberg.net\/index.php?rest_route=\/wp\/v2\/posts\/5054\/revisions\/5057"}],"wp:attachment":[{"href":"https:\/\/amacg.lyceegutenberg.net\/index.php?rest_route=%2Fwp%2Fv2%2Fmedia&parent=5054"}],"wp:term":[{"taxonomy":"category","embeddable":true,"href":"https:\/\/amacg.lyceegutenberg.net\/index.php?rest_route=%2Fwp%2Fv2%2Fcategories&post=5054"},{"taxonomy":"post_tag","embeddable":true,"href":"https:\/\/amacg.lyceegutenberg.net\/index.php?rest_route=%2Fwp%2Fv2%2Ftags&post=5054"}],"curies":[{"name":"wp","href":"https:\/\/api.w.org\/{rel}","templated":true}]}}