{"id":5093,"date":"2020-04-12T16:29:38","date_gmt":"2020-04-12T14:29:38","guid":{"rendered":"http:\/\/amacg.lyceegutenberg.net\/?p=5093"},"modified":"2020-04-12T17:34:58","modified_gmt":"2020-04-12T15:34:58","slug":"a-imprimer-personnaliser-decouper-suspendre","status":"publish","type":"post","link":"https:\/\/amacg.lyceegutenberg.net\/?p=5093","title":{"rendered":"et si l&rsquo;oiseau faisait son nid [ ! ]"},"content":{"rendered":"<p><a href=\"http:\/\/amacg.lyceegutenberg.net\/wp-content\/uploads\/Capture-d\u2019e\u0301cran-2020-04-11-a\u0300-08.00.30.png\"><img decoding=\"async\" loading=\"lazy\" class=\"alignnone wp-image-5094\" src=\"http:\/\/amacg.lyceegutenberg.net\/wp-content\/uploads\/Capture-d\u2019e\u0301cran-2020-04-11-a\u0300-08.00.30.png\" alt=\"\" width=\"485\" height=\"605\" \/><\/a><\/p>\n<p>dipl\u00f4m\u00e9e des Arts d\u00e9coratifs de Strasbourg<br \/>\n<a href=\"http:\/\/isabellesimler.com\" target=\"_blank\" rel=\"noopener\"><strong>Isabelle Simler<\/strong><\/a> est auteur-illustratrice pour l\u2019\u00e9dition et la Presse<br \/>\napr\u00e8s avoir travaill\u00e9 plusieurs ann\u00e9es dans le domaine de l\u2019animation,<br \/>\nen tant que r\u00e9alisatrice, sc\u00e9nariste et illustratrice, elle se consacre depuis 2012<br \/>\nplus particuli\u00e8rement \u00e0 la litt\u00e9rature Jeunesse<\/p>\n<p>t\u00e9l\u00e9charger le PDF de cette planche par <a href=\"https:\/\/slpjplus.fr\/salon\/la-cabane-et-les-oiseaux-a-decouper-disabelle-simler\/\" target=\"_blank\" rel=\"noopener\"><strong>ici<\/strong><\/a><\/p>\n","protected":false},"excerpt":{"rendered":"<p>dipl\u00f4m\u00e9e des Arts d\u00e9coratifs de Strasbourg Isabelle Simler est auteur-illustratrice pour l\u2019\u00e9dition et la Presse apr\u00e8s avoir travaill\u00e9 plusieurs ann\u00e9es dans le domaine de l\u2019animation, en tant que r\u00e9alisatrice, sc\u00e9nariste et illustratrice, elle se consacre depuis 2012 plus particuli\u00e8rement \u00e0 &hellip; <a href=\"https:\/\/amacg.lyceegutenberg.net\/?p=5093\">Continuer la lecture <span class=\"meta-nav\">&rarr;<\/span><\/a><\/p>\n","protected":false},"author":2,"featured_media":0,"comment_status":"closed","ping_status":"closed","sticky":false,"template":"","format":"standard","meta":{"footnotes":""},"categories":[17,9],"tags":[],"_links":{"self":[{"href":"https:\/\/amacg.lyceegutenberg.net\/index.php?rest_route=\/wp\/v2\/posts\/5093"}],"collection":[{"href":"https:\/\/amacg.lyceegutenberg.net\/index.php?rest_route=\/wp\/v2\/posts"}],"about":[{"href":"https:\/\/amacg.lyceegutenberg.net\/index.php?rest_route=\/wp\/v2\/types\/post"}],"author":[{"embeddable":true,"href":"https:\/\/amacg.lyceegutenberg.net\/index.php?rest_route=\/wp\/v2\/users\/2"}],"replies":[{"embeddable":true,"href":"https:\/\/amacg.lyceegutenberg.net\/index.php?rest_route=%2Fwp%2Fv2%2Fcomments&post=5093"}],"version-history":[{"count":2,"href":"https:\/\/amacg.lyceegutenberg.net\/index.php?rest_route=\/wp\/v2\/posts\/5093\/revisions"}],"predecessor-version":[{"id":5096,"href":"https:\/\/amacg.lyceegutenberg.net\/index.php?rest_route=\/wp\/v2\/posts\/5093\/revisions\/5096"}],"wp:attachment":[{"href":"https:\/\/amacg.lyceegutenberg.net\/index.php?rest_route=%2Fwp%2Fv2%2Fmedia&parent=5093"}],"wp:term":[{"taxonomy":"category","embeddable":true,"href":"https:\/\/amacg.lyceegutenberg.net\/index.php?rest_route=%2Fwp%2Fv2%2Fcategories&post=5093"},{"taxonomy":"post_tag","embeddable":true,"href":"https:\/\/amacg.lyceegutenberg.net\/index.php?rest_route=%2Fwp%2Fv2%2Ftags&post=5093"}],"curies":[{"name":"wp","href":"https:\/\/api.w.org\/{rel}","templated":true}]}}