{"id":5123,"date":"2020-04-13T08:12:16","date_gmt":"2020-04-13T06:12:16","guid":{"rendered":"http:\/\/amacg.lyceegutenberg.net\/?p=5123"},"modified":"2020-04-13T08:12:16","modified_gmt":"2020-04-13T06:12:16","slug":"cent-pages","status":"publish","type":"post","link":"https:\/\/amacg.lyceegutenberg.net\/?p=5123","title":{"rendered":"cent pages"},"content":{"rendered":"<p><iframe loading=\"lazy\" width=\"584\" height=\"329\" src=\"https:\/\/www.youtube.com\/embed\/1If8-j2CkFk?feature=oembed\" frameborder=\"0\" allow=\"accelerometer; autoplay; encrypted-media; gyroscope; picture-in-picture\" allowfullscreen><\/iframe><\/p>\n<p>depuis 2010, le <a href=\"http:\/\/www.cnap.graphismeenfrance.fr\" target=\"_blank\" rel=\"noopener\"><strong>Centre national des arts plastiques<\/strong><\/a> (Cnap)<br \/>\nqui g\u00e8re la collection d\u2019art contemporain de l\u2019\u00c9tat acquiert<br \/>\ndes \u0153uvres de design graphique<\/p>\n<p>parmi elles, l\u2019ensemble des \u00e9ditions et des \u00e9tapes de cr\u00e9ations des livres<br \/>\nissus de la collaboration entre autres de <a href=\"https:\/\/fr.wikipedia.org\/wiki\/Philippe_Millot_(graphiste)\" target=\"_blank\" rel=\"noopener\"><strong>Philippe Millot<\/strong><\/a> et les <a href=\"https:\/\/shop.ichetkar.fr\/58-editions-cent-pages\" target=\"_blank\" rel=\"noopener\"><strong>\u00e9ditions Cent Pages<\/strong><\/a><\/p>\n","protected":false},"excerpt":{"rendered":"<p>depuis 2010, le Centre national des arts plastiques (Cnap) qui g\u00e8re la collection d\u2019art contemporain de l\u2019\u00c9tat acquiert des \u0153uvres de design graphique parmi elles, l\u2019ensemble des \u00e9ditions et des \u00e9tapes de cr\u00e9ations des livres issus de la collaboration entre &hellip; <a href=\"https:\/\/amacg.lyceegutenberg.net\/?p=5123\">Continuer la lecture <span class=\"meta-nav\">&rarr;<\/span><\/a><\/p>\n","protected":false},"author":2,"featured_media":0,"comment_status":"closed","ping_status":"closed","sticky":false,"template":"","format":"standard","meta":{"footnotes":""},"categories":[11,12,5],"tags":[],"_links":{"self":[{"href":"https:\/\/amacg.lyceegutenberg.net\/index.php?rest_route=\/wp\/v2\/posts\/5123"}],"collection":[{"href":"https:\/\/amacg.lyceegutenberg.net\/index.php?rest_route=\/wp\/v2\/posts"}],"about":[{"href":"https:\/\/amacg.lyceegutenberg.net\/index.php?rest_route=\/wp\/v2\/types\/post"}],"author":[{"embeddable":true,"href":"https:\/\/amacg.lyceegutenberg.net\/index.php?rest_route=\/wp\/v2\/users\/2"}],"replies":[{"embeddable":true,"href":"https:\/\/amacg.lyceegutenberg.net\/index.php?rest_route=%2Fwp%2Fv2%2Fcomments&post=5123"}],"version-history":[{"count":1,"href":"https:\/\/amacg.lyceegutenberg.net\/index.php?rest_route=\/wp\/v2\/posts\/5123\/revisions"}],"predecessor-version":[{"id":5124,"href":"https:\/\/amacg.lyceegutenberg.net\/index.php?rest_route=\/wp\/v2\/posts\/5123\/revisions\/5124"}],"wp:attachment":[{"href":"https:\/\/amacg.lyceegutenberg.net\/index.php?rest_route=%2Fwp%2Fv2%2Fmedia&parent=5123"}],"wp:term":[{"taxonomy":"category","embeddable":true,"href":"https:\/\/amacg.lyceegutenberg.net\/index.php?rest_route=%2Fwp%2Fv2%2Fcategories&post=5123"},{"taxonomy":"post_tag","embeddable":true,"href":"https:\/\/amacg.lyceegutenberg.net\/index.php?rest_route=%2Fwp%2Fv2%2Ftags&post=5123"}],"curies":[{"name":"wp","href":"https:\/\/api.w.org\/{rel}","templated":true}]}}