{"id":5241,"date":"2020-05-12T03:03:22","date_gmt":"2020-05-12T01:03:22","guid":{"rendered":"http:\/\/amacg.lyceegutenberg.net\/?p=5241"},"modified":"2020-05-12T03:03:22","modified_gmt":"2020-05-12T01:03:22","slug":"1-jour-1-dessin","status":"publish","type":"post","link":"https:\/\/amacg.lyceegutenberg.net\/?p=5241","title":{"rendered":"1 jour 1 dessin"},"content":{"rendered":"<p><iframe loading=\"lazy\" src=\"https:\/\/player.vimeo.com\/video\/415832905?dnt=1&amp;app_id=122963\" width=\"584\" height=\"329\" frameborder=\"0\" allow=\"autoplay; fullscreen\" allowfullscreen title=\"1 jour 1 dessin : jour #15 - Am&amp;eacute;lie Barnathan x Arte\"><\/iframe><\/p>\n<p class=\"first\">chaque jour pendant toute la dur\u00e9e du confinement,<br \/>\nd\u00e9couvrez sur <strong>Arte<\/strong> une vid\u00e9o in\u00e9dite,<br \/>\ncr\u00e9\u00e9e \u00e0 partir d&rsquo;une \u0153uvre d&rsquo;<a href=\"https:\/\/www.instagram.com\/ameliebarnath\/?hl=fr\" target=\"_blank\" rel=\"noopener\"><strong>Am\u00e9lie Barnathan<\/strong><\/a><\/p>\n<p>un jour, Un dessin est une cr\u00e9ation \u00e9volutive, proposant une vision po\u00e9tique<br \/>\net d\u00e9licatement malicieuse de notre quotidien enferm\u00e9<\/p>\n<p>une production Pekelo pour ARTE<br \/>\ncr\u00e9ation d&rsquo;Am\u00e9lie Barnathan, animation de Camille Sevaistre<\/p>\n","protected":false},"excerpt":{"rendered":"<p>chaque jour pendant toute la dur\u00e9e du confinement, d\u00e9couvrez sur Arte une vid\u00e9o in\u00e9dite, cr\u00e9\u00e9e \u00e0 partir d&rsquo;une \u0153uvre d&rsquo;Am\u00e9lie Barnathan un jour, Un dessin est une cr\u00e9ation \u00e9volutive, proposant une vision po\u00e9tique et d\u00e9licatement malicieuse de notre quotidien enferm\u00e9 &hellip; <a href=\"https:\/\/amacg.lyceegutenberg.net\/?p=5241\">Continuer la lecture <span class=\"meta-nav\">&rarr;<\/span><\/a><\/p>\n","protected":false},"author":2,"featured_media":0,"comment_status":"closed","ping_status":"closed","sticky":false,"template":"","format":"standard","meta":{"footnotes":""},"categories":[17,22],"tags":[],"_links":{"self":[{"href":"https:\/\/amacg.lyceegutenberg.net\/index.php?rest_route=\/wp\/v2\/posts\/5241"}],"collection":[{"href":"https:\/\/amacg.lyceegutenberg.net\/index.php?rest_route=\/wp\/v2\/posts"}],"about":[{"href":"https:\/\/amacg.lyceegutenberg.net\/index.php?rest_route=\/wp\/v2\/types\/post"}],"author":[{"embeddable":true,"href":"https:\/\/amacg.lyceegutenberg.net\/index.php?rest_route=\/wp\/v2\/users\/2"}],"replies":[{"embeddable":true,"href":"https:\/\/amacg.lyceegutenberg.net\/index.php?rest_route=%2Fwp%2Fv2%2Fcomments&post=5241"}],"version-history":[{"count":1,"href":"https:\/\/amacg.lyceegutenberg.net\/index.php?rest_route=\/wp\/v2\/posts\/5241\/revisions"}],"predecessor-version":[{"id":5242,"href":"https:\/\/amacg.lyceegutenberg.net\/index.php?rest_route=\/wp\/v2\/posts\/5241\/revisions\/5242"}],"wp:attachment":[{"href":"https:\/\/amacg.lyceegutenberg.net\/index.php?rest_route=%2Fwp%2Fv2%2Fmedia&parent=5241"}],"wp:term":[{"taxonomy":"category","embeddable":true,"href":"https:\/\/amacg.lyceegutenberg.net\/index.php?rest_route=%2Fwp%2Fv2%2Fcategories&post=5241"},{"taxonomy":"post_tag","embeddable":true,"href":"https:\/\/amacg.lyceegutenberg.net\/index.php?rest_route=%2Fwp%2Fv2%2Ftags&post=5241"}],"curies":[{"name":"wp","href":"https:\/\/api.w.org\/{rel}","templated":true}]}}